{"id":176,"date":"2014-11-22T18:27:55","date_gmt":"2014-11-22T17:27:55","guid":{"rendered":"http:\/\/przewodnikgdanski.pl\/2015\/?p=176"},"modified":"2014-12-14T21:57:17","modified_gmt":"2014-12-14T20:57:17","slug":"andrzej-andreas-stech-1635-1697","status":"publish","type":"post","link":"http:\/\/przewodnikgdanski.pl\/2015\/andrzej-andreas-stech-1635-1697\/","title":{"rendered":"Andrzej (Andreas) Stech (1635-1697)"},"content":{"rendered":"<p>Andrzej Stech (Andreas Stech, Steg, i in.) \u2013 ur. w S\u0142upsku w 1635, zm. w 1697 w Gda\u0144sku. Najwybitniejszy malarz gda\u0144ski drugiej po\u0142owy XVII wieku. Jako portrecista \u0142\u0105czy\u0142 wzorce malarzy niderlandzkich z tradycj\u0105 portretow\u0105 stworzon\u0105 przez Daniela Schultza . W sztuce religijnej pozostawa\u0142 pod wp\u0142ywem malarstwa flamandzkiego, g\u0142\u00f3wnie Petera Paula Rubensa.<br \/>\nPierwsze nauki pobiera\u0142 w pracowni swojego ojca, Heinricha Stecha z Lubeki. Po przeniesieniu si\u0119 w 1635 roku rodziny Stech\u00f3w do Gda\u0144ska by\u0142 czeladnikiem u Adolfa Boya (lata1653-1658), kt\u00f3rego c\u00f3rk\u0119 po\u015blubi\u0142. Mia\u0142 z ni\u0105 pi\u0119cioro dzieci. Po \u015bmierci pierwszej \u017cony po\u015blubi\u0142 Adelgund\u0119, c\u00f3rk\u0119 Nikiasza Wulfa. Ona z kolei pocz\u0119\u0142a jemu kolejnych czworo dzieci.<br \/>\nW 1662 roku zosta\u0142 mistrzem cechu malarzy w Gda\u0144sku na podstawie prac: Powo\u0142anie \u015bw. Andrzeja i Krezus rzucaj\u0105cy si\u0119 w p\u0142omienie. W 1667 r. Stech zosta\u0142 obywatelem Gda\u0144ska a w 1673 zosta\u0142 \u0142awnikiem. Przypuszcza si\u0119, \u017ce odby\u0142 podr\u00f3\u017ce do Holandii (Leyda), Wenecji i Rzymu. Jego uczniem by\u0142 Christian Friedrich Falckenberck (ur. w 1675 w Kopenhadze \u2013 zm. w 1745 w Gda\u0144sku), malarz temat\u00f3w historycznych (Cyrus i kr\u00f3lowa Amazonek) i religijnych (rysunki scen pasyjnych).<br \/>\nAndrzej Stech by\u0142 malarzem wszechstronnym. Mimo, \u017ce by\u0142 luteraninem, tworzy\u0142 obrazy dla gda\u0144skich ko\u015bcio\u0142\u00f3w katolickich (\u015bw. Miko\u0142aja, Bo\u017cego Cia\u0142a) i pocysterskich ko\u015bcio\u0142\u00f3w w Oliwie i Pelplinie. Dla dekoracji kru\u017cgank\u00f3w ko\u015bcio\u0142a w Pelplinie namalowa\u0142 15 du\u017cych obraz\u00f3w o tre\u015bci biblijnej. Namalowa\u0142 m.in.:<br \/>\n\u2022\tPok\u0142on Trzech Kr\u00f3li (ok. 1675) w Muzeum Historycznym w Gda\u0144sku;<br \/>\n\u2022\t\u015bw. R\u00f3\u017ca z Limy w ko\u015bciele \u015bw. Miko\u0142aja w Gda\u0144sku;<br \/>\n\u2022\tUkrzy\u017cowanie, oraz sceny z Dziej\u00f3w Apostolskich w katedrze w Pelplinie, np.: \u015awi\u0119ty Filip chrzci dworzanina etiopskiego (1673. olej na p\u0142\u00f3tnie, 300&#215;145 cm);<br \/>\n\u2022\tobraz w o\u0142tarzu g\u0142\u00f3wnym, 7 kompozycji w nawie g\u0142\u00f3wnej w bazylice archikatedralnej w Oliwie.<br \/>\nBy\u0142 autorem wielu \u015bwietnych portret\u00f3w (w tym patrycjatu gda\u0144skiego) i panoram Gda\u0144ska np.:<br \/>\n\u2022\tS\u0142awnym jego dzie\u0142em jest Spacer za murami Gda\u0144ska (1670-1672, olej na p\u0142\u00f3tnie. 86,2 x 113 cm), kompozycja b\u0119d\u0105ca po\u0142\u0105czeniem portretu zbiorowego z krajobrazem w Herzog-Anton-Ulrich Museum w Braunschweig (Brunszwik);<br \/>\n\u2022\tZimowa panorama Gda\u0144ska (do1678) w Ratuszu G\u0142\u00f3wnego Miasta w Muzeum Historycznym Miasta Gda\u0144ska;<br \/>\n\u2022\tPortret M\u0119\u017cczyzny z dwoma kwiatkami (ok. 1666, olej na p\u0142\u00f3tnie. 84 x 75 cm) w Muzeum Narodowym w Gda\u0144sku;<br \/>\n\u2022\tKsi\u0105\u017c\u0119 Aleksander Zas\u0142awski Ostrogski (1670, olej na p\u0142\u00f3tnie) w Muzeum Narodowym w Mi\u0144sku.<br \/>\nMalowa\u0142 martwe natury i bukiety kwiat\u00f3w. Np.:<br \/>\n\u2022\tMartwa natura z wiewi\u00f3rk\u0105 (ok. 1672-1678, olej na p\u0142\u00f3tnie, 90 x 122 cm) w Muzeum Narodowym w Gda\u0144sku;<br \/>\n\u2022\tMartwa natura kwiatowa na szklanym wazonie (olej na p\u0142\u00f3tnie. 52 x 46,5 cm) w Muzeum Wojska Polskiego w Warszawie;<br \/>\n\u2022\tMartwa natura kwiatowa (ok. 1678. olej na p\u0142\u00f3tnie. 63 x 46 cm) w St\u00e4dtische Kunstsammlungen w Augsburgu.<br \/>\nMalowa\u0142 te\u017c obrazy o tre\u015bci mitologicznej. M.in.:<br \/>\n\u2022\tniezachowane: Walka Horacjuszy z Kuriacjuszami, w Dworze Artusa;<br \/>\n\u2022\tniezachowane kartony do gobelin\u00f3w S\u0105d Salomona i Herkules;<br \/>\n\u2022\tzachowane obrazy w Bibliotece G\u0142\u00f3wnej PAN: P\u0142acz\u0105cy filozof \u2013 Heraklit i \u015amiej\u0105cy si\u0119 filozof \u2013 Demokryt);<br \/>\n\u2022\tPorwanie Europy (ok. 1676. gwasz, papier. 27 x 37 cm) w Muzeum Narodowym w Gda\u0144sku;<br \/>\n\u2022\tRodzina Dariusza przed Aleksandrem Wielkim (1674, gwasz, papier. 27,4 x 44 cm) w Muzeum Narodowym w Gda\u0144sku.<br \/>\nEuropejski sukces odni\u00f3s\u0142 jako ilustrator dzie\u0142 naukowych Jana Heweliusza (30 rysunk\u00f3w do Machineae coelestis) i przyrodnika Jakuba Breyna (37 rysunk\u00f3w kwiat\u00f3w do Icones exoticarum plantarum).<br \/>\nOd 1677 pracowa\u0142 dla kr\u00f3la Jana III Sobieskiego, kt\u00f3rego m.in. namalowa\u0142 m.in. niezachowane malowid\u0142a sufitowe w Pa\u0142acu w Wilanowie. <\/p>\n","protected":false},"excerpt":{"rendered":"<p>Andrzej Stech (Andreas Stech, Steg, i in.) \u2013 ur. w S\u0142upsku w 1635, zm. w 1697 w Gda\u0144sku. Najwybitniejszy malarz gda\u0144ski drugiej po\u0142owy XVII wieku. Jako portrecista \u0142\u0105czy\u0142 wzorce malarzy niderlandzkich z tradycj\u0105 portretow\u0105 stworzon\u0105 przez Daniela Schultza . W sztuce religijnej pozostawa\u0142 pod wp\u0142ywem malarstwa flamandzkiego, g\u0142\u00f3wnie Petera Paula Rubensa. Pierwsze nauki pobiera\u0142 w[&#8230;]<\/p>\n","protected":false},"author":4,"featured_media":0,"comment_status":"open","ping_status":"open","sticky":false,"template":"","format":"standard","meta":[],"categories":[5],"tags":[18,17],"_links":{"self":[{"href":"http:\/\/przewodnikgdanski.pl\/2015\/wp-json\/wp\/v2\/posts\/176"}],"collection":[{"href":"http:\/\/przewodnikgdanski.pl\/2015\/wp-json\/wp\/v2\/posts"}],"about":[{"href":"http:\/\/przewodnikgdanski.pl\/2015\/wp-json\/wp\/v2\/types\/post"}],"author":[{"embeddable":true,"href":"http:\/\/przewodnikgdanski.pl\/2015\/wp-json\/wp\/v2\/users\/4"}],"replies":[{"embeddable":true,"href":"http:\/\/przewodnikgdanski.pl\/2015\/wp-json\/wp\/v2\/comments?post=176"}],"version-history":[{"count":1,"href":"http:\/\/przewodnikgdanski.pl\/2015\/wp-json\/wp\/v2\/posts\/176\/revisions"}],"predecessor-version":[{"id":177,"href":"http:\/\/przewodnikgdanski.pl\/2015\/wp-json\/wp\/v2\/posts\/176\/revisions\/177"}],"wp:attachment":[{"href":"http:\/\/przewodnikgdanski.pl\/2015\/wp-json\/wp\/v2\/media?parent=176"}],"wp:term":[{"taxonomy":"category","embeddable":true,"href":"http:\/\/przewodnikgdanski.pl\/2015\/wp-json\/wp\/v2\/categories?post=176"},{"taxonomy":"post_tag","embeddable":true,"href":"http:\/\/przewodnikgdanski.pl\/2015\/wp-json\/wp\/v2\/tags?post=176"}],"curies":[{"name":"wp","href":"https:\/\/api.w.org\/{rel}","templated":true}]}}