{"id":192,"date":"2014-11-26T18:58:16","date_gmt":"2014-11-26T17:58:16","guid":{"rendered":"http:\/\/przewodnikgdanski.pl\/2015\/?p=192"},"modified":"2015-01-03T16:51:06","modified_gmt":"2015-01-03T15:51:06","slug":"zaproszenie-do-dworu-artusa-28-11-2014-godz-16-00","status":"publish","type":"post","link":"http:\/\/przewodnikgdanski.pl\/2015\/zaproszenie-do-dworu-artusa-28-11-2014-godz-16-00\/","title":{"rendered":"Zaproszenie do Dworu Artusa &#8211; 28.11.2014 godz. 16.00"},"content":{"rendered":"<p>Kochani zobaczcie jak\u0105 informacj\u0119 wrzuci\u0142a dzisiaj oficjalna strona Gda\u0144ska, wraz z zaproszeniem na pi\u0105tek w celu prezentacji renowacji Dworu Artusa:<\/p>\n<p>&nbsp;<\/p>\n<div id=\"artykul\">\n<div id=\"ivo\">\n<div>\n<h1 class=\"tresc_tytul\">Dw\u00f3r Artusa jak nowy<\/h1>\n<\/div>\n<table border=\"0\" cellspacing=\"0\" cellpadding=\"0\">\n<tbody>\n<tr>\n<td width=\"3\"><\/td>\n<td width=\"33\"><img src=\"http:\/\/www.gdansk.pl\/images\/images1\/pic_inwalida.jpg\" alt=\"\" \/><\/td>\n<td width=\"100\"><\/td>\n<\/tr>\n<\/tbody>\n<\/table>\n<p><strong>Ko\u0144czy si\u0119 remont fasady gda\u0144skiego Dworu Artusa. Jak wygl\u0105da odnowiona fasada b\u0119dzie si\u0119 mo\u017cna przekona\u0107 ju\u017c w najbli\u017cszy pi\u0105tek, 28 listopada, o godz. 16.00. Muzeum Historyczne Miasta Gda\u0144ska zaprasza na specjaln\u0105 prezentacj\u0119, kt\u00f3ra stanowi\u0107 b\u0119dzie zwie\u0144czenie p\u00f3\u0142rocznych wysi\u0142k\u00f3w dwunastu specjalist\u00f3w w dziedzinie konserwacji zabytk\u00f3w. <\/strong><\/p>\n<p>Przypomnijmy: w okresie od 7 maja 2014 do 30 pa\u017adziernika 2014 przeprowadzono na fasadzie po\u0142udniowej Dworu Artusa kompleksowe prace konserwatorskie wraz z rekonstrukcj\u0105 polichromii.\u00a0 Wykonawc\u0105 prac s\u0105 Polskie Pracownie Konserwacji Zabytk\u00f3w O\/Gda\u0144sk. Remont kosztowa\u0142 189\u00a0277 z\u0142.<\/p>\n<p>Program przyj\u0119tych prac konserwatorskich 2014 nawi\u0105zuje do wcze\u015bniejszego opracowania konserwatorskiego wykonanego w roku 1998 (w roku ostatnich prac konserwatorskich przy elewacji). Wyeliminowano g\u0142\u00f3wne zniszczenia, spowodowane przez niekorzystne warunki atmosferyczne: zdezynfekowano obszary wyst\u0119powania mikroorganizm\u00f3w, podklejono i wzmocniono rozwarstwione i sp\u0119kane pod\u0142o\u017ca budowlane w obr\u0119bie kamienia i tynku, oczyszczono powierzchnie z zabrudze\u0144 i nawarstwie\u0144, w wymaganych miejscach\u00a0 przeprowadzono zabiegi odsalaj\u0105ce, uzupe\u0142niono powsta\u0142e ubytki w kamieniu i tynku, odtworzono formy rze\u017abiarskie i profile detali architektonicznych, uzupe\u0142niono z\u0142ocenia, zrekonstruowano polichromi\u0119, wykonano nowe opierzenia blacharskie wraz z ochron\u0105 przeciw go\u0142\u0119biom (zastosowano szpice i siatki). Wykonano tak\u017ce profilaktyczne prace w obr\u0119bie tarasu attyki.<\/p>\n<\/div>\n<\/div>\n<div id=\"nieczytanagaleria\">\n<div class=\"kontener_galeria_artykul\">\n<div id=\"autofoto_galeria_artykul\" class=\"autofoto_galeria_artykul\">\n<div id=\"subpages\/galeria\/_f\/bgf_500\/2014-11-26_dw\u00f3r_artusa_jak_nowy\/dw\u00f3r_fasada_po_2.jpg\" title=\"\">\n<div class=\"nawigacja_nastepny_autofoto_galeria_artykul\">\n<div class=\"do_tylu\">\u00ab<\/div>\n<div class=\"do_przodu\">\u00bb<\/div>\n<\/div>\n<div class=\"zdjecie\" align=\"center\">\n<div class=\"autor\">Autor: www.gdansk.pl<\/div>\n<p><a href=\"http:\/\/www.gdansk.pl\/galeria?f=51493\"><img src=\"http:\/\/www.gdansk.pl\/subpages\/galeria\/_f\/bgf_500\/2014-11-26_dw%C3%B3r_artusa_jak_nowy\/dw%C3%B3r_fasada_po_2.jpg\" alt=\"Dw\u00f3r Artusa jak nowy\" \/><\/a><\/p>\n<\/div>\n<div class=\"tresc\">\n<div class=\"tytul\">Dw\u00f3r Artusa jak nowy<\/div>\n<div class=\"streszczenie\"><\/div>\n<\/div>\n<\/div>\n<\/div>\n<\/div>\n<\/div>\n","protected":false},"excerpt":{"rendered":"<p>Kochani zobaczcie jak\u0105 informacj\u0119 wrzuci\u0142a dzisiaj oficjalna strona Gda\u0144ska, wraz z zaproszeniem na pi\u0105tek w celu prezentacji renowacji Dworu Artusa: &nbsp; Dw\u00f3r Artusa jak nowy Ko\u0144czy si\u0119 remont fasady gda\u0144skiego Dworu Artusa. Jak wygl\u0105da odnowiona fasada b\u0119dzie si\u0119 mo\u017cna przekona\u0107 ju\u017c w najbli\u017cszy pi\u0105tek, 28 listopada, o godz. 16.00. Muzeum Historyczne Miasta Gda\u0144ska zaprasza na[&#8230;]<\/p>\n","protected":false},"author":5,"featured_media":0,"comment_status":"open","ping_status":"open","sticky":false,"template":"","format":"standard","meta":[],"categories":[1],"tags":[],"_links":{"self":[{"href":"http:\/\/przewodnikgdanski.pl\/2015\/wp-json\/wp\/v2\/posts\/192"}],"collection":[{"href":"http:\/\/przewodnikgdanski.pl\/2015\/wp-json\/wp\/v2\/posts"}],"about":[{"href":"http:\/\/przewodnikgdanski.pl\/2015\/wp-json\/wp\/v2\/types\/post"}],"author":[{"embeddable":true,"href":"http:\/\/przewodnikgdanski.pl\/2015\/wp-json\/wp\/v2\/users\/5"}],"replies":[{"embeddable":true,"href":"http:\/\/przewodnikgdanski.pl\/2015\/wp-json\/wp\/v2\/comments?post=192"}],"version-history":[{"count":2,"href":"http:\/\/przewodnikgdanski.pl\/2015\/wp-json\/wp\/v2\/posts\/192\/revisions"}],"predecessor-version":[{"id":206,"href":"http:\/\/przewodnikgdanski.pl\/2015\/wp-json\/wp\/v2\/posts\/192\/revisions\/206"}],"wp:attachment":[{"href":"http:\/\/przewodnikgdanski.pl\/2015\/wp-json\/wp\/v2\/media?parent=192"}],"wp:term":[{"taxonomy":"category","embeddable":true,"href":"http:\/\/przewodnikgdanski.pl\/2015\/wp-json\/wp\/v2\/categories?post=192"},{"taxonomy":"post_tag","embeddable":true,"href":"http:\/\/przewodnikgdanski.pl\/2015\/wp-json\/wp\/v2\/tags?post=192"}],"curies":[{"name":"wp","href":"https:\/\/api.w.org\/{rel}","templated":true}]}}