{"id":261,"date":"2015-01-03T16:54:40","date_gmt":"2015-01-03T15:54:40","guid":{"rendered":"http:\/\/przewodnikgdanski.pl\/2015\/?p=261"},"modified":"2015-01-03T16:54:40","modified_gmt":"2015-01-03T15:54:40","slug":"strakowscy-jan-i-jerzy","status":"publish","type":"post","link":"http:\/\/przewodnikgdanski.pl\/2015\/strakowscy-jan-i-jerzy\/","title":{"rendered":"STRAKOWSCY JAN I JERZY"},"content":{"rendered":"<p><strong>JAN (HANS) STRAKOWSKI<\/strong> (ur. 1567, zm.III.1642) \u2013 architekt gda\u0144ski, murarz-kamieniarz, przedsi\u0119biorca budowlany, budowniczy fortyfikacji. Pocz\u0105tkowo praktykowa\u0142 u boku Antoniego van Obberghena. W Gda\u0144sku od 1588 roku, pracowa\u0142 przy naprawie mur\u00f3w ko\u015bcio\u0142a \u015bw. Jana. Od 1592 mistrz cechu murarzy i kamieniarzy, dzia\u0142a\u0142 we w\u0142adzach cechu. W roku 1594 otrzyma\u0142 od Rady Miejskiej stanowisko murarza miejskiego. Uczestniczy\u0142 w budowie Ratusza Starego Miasta i w roku 1594 w przebudowie Wie\u017cy Wi\u0119ziennej i Katowni. W 1595\u20131596 rozbudowa\u0142 farbiarni\u0119 na terenie Zamczyska, nast\u0119pnie z Antonim van Obberghenem pracowa\u0142 przy budowie fortu carr\u00e9 w twierdzy Wis\u0142ouj\u015bcie. By\u0142 przede wszystkim wykonawc\u0105 wi\u0119kszo\u015bci prac, a nie autorem projekt\u00f3w. Na zlecenie Rady Miejskiej, w okresie 1610\u20131620 odbywa\u0142 podr\u00f3\u017ce do Niemiec i Niderland\u00f3w, zaznajamiaj\u0105c si\u0119 z tamtejsz\u0105 sztuk\u0105 fortyfikacyjn\u0105. Pozostawi\u0142 po sobie wiele niezrealizowanych plan\u00f3w architektonicznych. Uczestniczy\u0142 w pracach przy wznoszeniu fortyfikacji dooko\u0142a Gda\u0144ska, odbudowie klasztoru brygidek i budowie Z\u0142otej Bramy, mostu na Kanale Raduni przed Bram\u0105 Wy\u017cynn\u0105, wozowni miejskiej (Dw\u00f3r Miejski), \u015aluzy Kamiennej, Bramy Nizinnej (1626), Bramy \u017bu\u0142awskiej (1628) i przebudowie Bramy \u015bw. Jakuba (rozebrana w 1881). Wzni\u00f3s\u0142 r\u00f3wnie\u017c Spichlerz Kr\u00f3lewski (1621). W 1635 roku zaprzesta\u0142 dzia\u0142alno\u015bci; za zas\u0142ugi dla Gda\u0144ska otrzymywa\u0142 dalej sta\u0142e wynagrodzenie. W latach 1609\u20131626 w\u0142a\u015bciciel posesji przy Heilige-Geist-Gasse (ul. \u015bw. Ducha), od 1623 \u2013 domu przy Jopengasse (ul. Piwna). Jego imi\u0119 (Strackwitzweg) nosi\u0142a do roku 1945 ul. w Strzy\u017cy (obecna ul. Kmieca), po 1945 (Jana Strakowskiego) ulica we Wrzeszczu.<br \/>\n<strong>JERZY (GEORG) STRAKOWSKI<\/strong> (30 I 1614 Gda\u0144sk \u2013 17 V 1675 Gda\u0144sk), przedsi\u0119biorca budowlany, budowniczy fortyfikacji, u\u017cywa\u0142 tak\u017ce nazwiska von Strackwitz. Syn Hansa Strakowskiego. W latach 1630\u20131635 i ponownie 1635\u20131640 jako stypendysta Rady Miejskiej studiowa\u0142 in\u017cynieri\u0119 wojskow\u0105 w Niderlandach. W 1635 roku otrzyma\u0142 w Gda\u0144sku stanowisko (ze sta\u0142\u0105 pensj\u0105) kaprala, w 1642 \u2013 in\u017cyniera miejskiego. Zaprojektowa\u0142 budowle obronne na Grodzisku, by\u0142 m.in. budowniczym Ma\u0142ej Zbrojowni (1645), Starej Pakowni (1649 &#8211; magazyn drobnicy, towar\u00f3w opakowanych w przeciwie\u0144stwie do spichlerzy). Sporz\u0105dzi\u0142 wiele map, m.in. Mierzei Wi\u015blanej, d\u00f3br opactwa cysterskiego w Oliwie, Biskupiej G\u00f3rki, uj\u015bcia Wis\u0142y. W 1656, w okresie wojny ze Szwecj\u0105, by\u0142 dow\u00f3dc\u0105 kompanii stacjonuj\u0105cej w twierdzy Wis\u0142ouj\u015bcie. Po zako\u0144czeniu wojny opracowa\u0142 projekty przebudowy umocnie\u0144 Gda\u0144ska np. Brama Siedlecka &#8211; 1656, rozebrana 1921, Brama Oliwska &#8211; 1656, rozebrana 1899, Brama Oru\u0144ska &#8211; 1656, rozebrana 1927. Pochowany w ko\u015bciele NMP.<\/p>\n","protected":false},"excerpt":{"rendered":"<p>JAN (HANS) STRAKOWSKI (ur. 1567, zm.III.1642) \u2013 architekt gda\u0144ski, murarz-kamieniarz, przedsi\u0119biorca budowlany, budowniczy fortyfikacji. Pocz\u0105tkowo praktykowa\u0142 u boku Antoniego van Obberghena. W Gda\u0144sku od 1588 roku, pracowa\u0142 przy naprawie mur\u00f3w ko\u015bcio\u0142a \u015bw. Jana. Od 1592 mistrz cechu murarzy i kamieniarzy, dzia\u0142a\u0142 we w\u0142adzach cechu. W roku 1594 otrzyma\u0142 od Rady Miejskiej stanowisko murarza miejskiego. Uczestniczy\u0142[&#8230;]<\/p>\n","protected":false},"author":5,"featured_media":0,"comment_status":"open","ping_status":"open","sticky":false,"template":"","format":"standard","meta":[],"categories":[1],"tags":[],"_links":{"self":[{"href":"http:\/\/przewodnikgdanski.pl\/2015\/wp-json\/wp\/v2\/posts\/261"}],"collection":[{"href":"http:\/\/przewodnikgdanski.pl\/2015\/wp-json\/wp\/v2\/posts"}],"about":[{"href":"http:\/\/przewodnikgdanski.pl\/2015\/wp-json\/wp\/v2\/types\/post"}],"author":[{"embeddable":true,"href":"http:\/\/przewodnikgdanski.pl\/2015\/wp-json\/wp\/v2\/users\/5"}],"replies":[{"embeddable":true,"href":"http:\/\/przewodnikgdanski.pl\/2015\/wp-json\/wp\/v2\/comments?post=261"}],"version-history":[{"count":1,"href":"http:\/\/przewodnikgdanski.pl\/2015\/wp-json\/wp\/v2\/posts\/261\/revisions"}],"predecessor-version":[{"id":262,"href":"http:\/\/przewodnikgdanski.pl\/2015\/wp-json\/wp\/v2\/posts\/261\/revisions\/262"}],"wp:attachment":[{"href":"http:\/\/przewodnikgdanski.pl\/2015\/wp-json\/wp\/v2\/media?parent=261"}],"wp:term":[{"taxonomy":"category","embeddable":true,"href":"http:\/\/przewodnikgdanski.pl\/2015\/wp-json\/wp\/v2\/categories?post=261"},{"taxonomy":"post_tag","embeddable":true,"href":"http:\/\/przewodnikgdanski.pl\/2015\/wp-json\/wp\/v2\/tags?post=261"}],"curies":[{"name":"wp","href":"https:\/\/api.w.org\/{rel}","templated":true}]}}