{"id":345,"date":"2015-01-25T20:20:41","date_gmt":"2015-01-25T19:20:41","guid":{"rendered":"http:\/\/przewodnikgdanski.pl\/2015\/?p=345"},"modified":"2015-01-25T20:20:41","modified_gmt":"2015-01-25T19:20:41","slug":"wielka-sala-wety-sala-biala","status":"publish","type":"post","link":"http:\/\/przewodnikgdanski.pl\/2015\/wielka-sala-wety-sala-biala\/","title":{"rendered":"Wielka Sala Wety (Sala Bia\u0142a)"},"content":{"rendered":"<p>Wielka Sala Wety (Sala Bia\u0142a) wymiary 13,5&#215;11,5 m.<br \/>\nWej\u015bcie do Sali zdobi renesansowy portal z lat 70 XVI w., przeniesiony tu w 1909 r. z ulicy Chlebnickiej 11. Przeznaczenie Sali do 1793 r.:<br \/>\n&#8211; posiedzenia \u0141awy Miejskiej (od po\u0142. XVI w.)<br \/>\n&#8211; kr\u00f3lewska sala audiencyjna, w kt\u00f3rej burgrabia kr\u00f3lewski siedz\u0105cy w rogu mi\u0119dzy oknami, przyjmowa\u0142 przysi\u0119g\u0119 wierno\u015bci od rajc\u00f3w, \u0142awnik\u00f3w i cz\u0142onk\u00f3w T.O. a nast\u0119pnie herod odczytywa\u0142 jej s\u0142owa przez otwarte oko do zebranych na D\u0142ugim Targu mieszczan. Burgrabia wydawa\u0142 tu r\u00f3wnie\u017c kr\u00f3lewskie wyroki. Sala pe\u0142ni\u0142a funkcj\u0119 sali tronowej.<br \/>\n&#8211; zebrania Trzeciego Ordynku (1526-1793, 1807-1814), b\u0119d\u0105cego reprezentacj\u0105 posp\u00f3lstwa we w\u0142adzach miejskich. Pocz\u0105tkowo uprawnienia T.O. nie by\u0142y zbyt du\u017ce ale z czasem uzyska\u0142 wp\u0142yw na zarz\u0105dzanie miastem i jego sta\u0142ymi dochodami. Sk\u0142ada\u0142 si\u0119 pierwotnie z 100 m\u0119\u017c\u00f3w podzielonych na 4 kwarta\u0142y po 25 os\u00f3b. Reprezentowali oni najwa\u017cniejsze cechy (rze\u017anik\u00f3w, piekarzy, szewc\u00f3w i kowali)<br \/>\n&#8211; posiedzenia S\u0105du Wetowego rozpatruj\u0105cego sprawy policyjno-handlowe (np.: rozboje, gwa\u0142ty, kradzie\u017ce, ustalanie ojcostwa, pozwolenia budowlane, zak\u0142\u00f3canie spokoju), prowadz\u0105cego ksi\u0119gi obywatelskie, gromadz\u0105cego listy rodowe i dokumenty zwi\u0105zane z nabyciem lub zwolnieniem z prawa miejskiego (uwolnienie z podda\u0144stwa). S\u0105d Wetowy sk\u0142ada\u0142 si\u0119 z 2 rajc\u00f3w, 2 \u0142awnik\u00f3w i 4 przedstawicieli Trzeciego Ordynku, wybieranych na 2 lata. Sta\u0142ymi urz\u0119dnikami S\u0105du Wetowego byli 2 prokuratorzy, pisarz i 4 wo\u017anych.<br \/>\n&#8211; nadawanie obywatelstwa miejskiego, ka\u017cdy obdarowany tym tytu\u0142em sk\u0142ada\u0142 r\u00f3wnie\u017c przysi\u0119g\u0119 wierno\u015bci polskiemu kr\u00f3lowi.<br \/>\nPrzeznaczeniem sali (Sala Rady Miejskiej) w latach 1817-1921 by\u0142y obrady Zgromadzenia Przedstawicieli Miasta\/Rady Miasta. Wtedy to sala zyska\u0142a nazw\u0119 Sali Bia\u0142ej bo w II po\u0142 XIX w. jej \u015bciany przemalowano na bia\u0142o (Wiesse Saal).<br \/>\nWsp\u00f3\u0142czesne Wielka Sala Wety to sala muzealna i miejsce imprez kulturalnych.<br \/>\nWystr\u00f3j obecny Wielkiej Sali Wety nawi\u0105zuje do czas\u00f3w sprzed rozbior\u00f3w. Projekt rekonstrukcji Sali opracowa\u0142 Stanis\u0142aw Bobi\u0144ski, powracaj\u0105c do czas\u00f3w sprzed 1841 r. Usuni\u0119to wi\u0119c elementy neogotyckie, powsta\u0142 \u017celbetonowy sufit obudowany elementami drewnianymi, imituj\u0105c strop belkowy. Fryz malarski wykonany wok\u00f3\u0142 Sali jest dzie\u0142em prof. Jacka \u017bu\u0142awskiego, a malunki we wn\u0119kach okiennych wykona\u0142a jego \u017cona prof. Hanna \u017bu\u0142awska. Od 1975 r. sal\u0119 zdobi\u0105 4 wieloramienne \u017cyrandole mosi\u0119\u017cne oraz gobelin zaprojektowany przez Barbar\u0119 Argasi\u0144sk\u0105-\u0141ozi\u0144sk\u0105. Po II wojnie \u015bwiatowej nadal u\u017cywano nazwy Sala Bia\u0142a ale od 1995 r. przywr\u00f3cono jej pierwotn\u0105 historyczn\u0105 nazw\u0119 Wielkiej Sali Wety.<br \/>\nDawniej wisia\u0142y w niej portrety polskich kr\u00f3l\u00f3w. W 1793 r. zosta\u0142y zdj\u0119te przez Prusak\u00f3w a w 1855 naby\u0142 je gda\u0144ski kupiec Aleksander Makowski. W 1870 przewi\u00f3z\u0142 obrazy do swojego maj\u0105tku w zaborze rosyjskim na lubelszczy\u017anie do Woli Ossowi\u0144skiej. Niestety obrazy zagin\u0119\u0142y podczas I wojny \u015bwiatowej. Po II wojnie \u015bwiatowej wykonano kopie portret\u00f3w kr\u00f3lewskich na podstawie oryginalnych dzie\u0142 znajduj\u0105cych si\u0119 w zbiorach polskich (g\u0142\u00f3wnie z Torunia) i szwedzkich. W nowej galerii zosta\u0142y jednak pomini\u0119te portrety zawieszone w XVIII w. wi\u0119c nie zobaczymy tu ani Augusta II, ani Augusta III ani Stanis\u0142awa Augusta Poniatowskiego. Znajduj\u0105ce si\u0119 obecnie portrety w\u0142adc\u00f3w pojawi\u0142y si\u0119 tu w 1999 r. i s\u0105 autorstwa Wojciecha Czerniewskiego i Micha\u0142a Bartoszewicza.<br \/>\nDawniej wisia\u0142y tu jeszcze inne obrazy, m.in.: 22 sceny przedstawiaj\u0105ce bitw\u0119 pod Grunwaldem (ok. 1630 r.) autorstwa Krzysztofa Boguszewskiego oraz \u201eBitwa pod Oliw\u0105\u201d (1650 r.) autorstwa Bartholomausa Milwitza. Oba zagin\u0119\u0142y w 1945 r.<\/p>\n","protected":false},"excerpt":{"rendered":"<p>Wielka Sala Wety (Sala Bia\u0142a) wymiary 13,5&#215;11,5 m. Wej\u015bcie do Sali zdobi renesansowy portal z lat 70 XVI w., przeniesiony tu w 1909 r. z ulicy Chlebnickiej 11. Przeznaczenie Sali do 1793 r.: &#8211; posiedzenia \u0141awy Miejskiej (od po\u0142. XVI w.) &#8211; kr\u00f3lewska sala audiencyjna, w kt\u00f3rej burgrabia kr\u00f3lewski siedz\u0105cy w rogu mi\u0119dzy oknami, przyjmowa\u0142[&#8230;]<\/p>\n","protected":false},"author":4,"featured_media":0,"comment_status":"open","ping_status":"open","sticky":false,"template":"","format":"standard","meta":[],"categories":[10,5,16],"tags":[],"_links":{"self":[{"href":"http:\/\/przewodnikgdanski.pl\/2015\/wp-json\/wp\/v2\/posts\/345"}],"collection":[{"href":"http:\/\/przewodnikgdanski.pl\/2015\/wp-json\/wp\/v2\/posts"}],"about":[{"href":"http:\/\/przewodnikgdanski.pl\/2015\/wp-json\/wp\/v2\/types\/post"}],"author":[{"embeddable":true,"href":"http:\/\/przewodnikgdanski.pl\/2015\/wp-json\/wp\/v2\/users\/4"}],"replies":[{"embeddable":true,"href":"http:\/\/przewodnikgdanski.pl\/2015\/wp-json\/wp\/v2\/comments?post=345"}],"version-history":[{"count":1,"href":"http:\/\/przewodnikgdanski.pl\/2015\/wp-json\/wp\/v2\/posts\/345\/revisions"}],"predecessor-version":[{"id":346,"href":"http:\/\/przewodnikgdanski.pl\/2015\/wp-json\/wp\/v2\/posts\/345\/revisions\/346"}],"wp:attachment":[{"href":"http:\/\/przewodnikgdanski.pl\/2015\/wp-json\/wp\/v2\/media?parent=345"}],"wp:term":[{"taxonomy":"category","embeddable":true,"href":"http:\/\/przewodnikgdanski.pl\/2015\/wp-json\/wp\/v2\/categories?post=345"},{"taxonomy":"post_tag","embeddable":true,"href":"http:\/\/przewodnikgdanski.pl\/2015\/wp-json\/wp\/v2\/tags?post=345"}],"curies":[{"name":"wp","href":"https:\/\/api.w.org\/{rel}","templated":true}]}}