{"id":697,"date":"2015-04-19T20:13:04","date_gmt":"2015-04-19T18:13:04","guid":{"rendered":"http:\/\/przewodnikgdanski.pl\/2015\/?p=697"},"modified":"2020-06-28T12:08:10","modified_gmt":"2020-06-28T10:08:10","slug":"trasa-brama-zulawska-dlugie-ogrody-zieleniak","status":"publish","type":"post","link":"http:\/\/przewodnikgdanski.pl\/2015\/trasa-brama-zulawska-dlugie-ogrody-zieleniak\/","title":{"rendered":"TRASA &#8211; BRAMA \u017bU\u0141AWSKA- D\u0141UGIE OGRODY- ZIELENIAK"},"content":{"rendered":"<p><em><strong>Brama \u017bu\u0142awska (Knipawska)<\/strong><\/em><br \/>\nBrama znajdowa\u0142a si\u0119 pomi\u0119dzy bastionem Lew a bastionem W\u00f3\u0142. Nazywana inaczej bram\u0105 Knipawsk\u0105, poniewa\u017c oddziela\u0142a Knipawy (tera\u017aniejsze Rudno) od miasta. Powsta\u0142a w 1628 roku, zbudowa\u0142 j\u0105 Jan Strakowski. Wystr\u00f3j kamieniarski jest dzie\u0142em Hermana Kunsta. Na \u015bcianie poddasza od zewn\u0105trz jest herb miasta, We wn\u0119kach do 1932 roku znajdowa\u0142y si\u0119 tam pos\u0105gi Diany i Bellony, kt\u00f3re by\u0142y symbolami pokoju i wojny. Bram\u0119 wie\u0144czy\u0142a niegdy\u015b le\u017c\u0105ca posta\u0107 kobieca jako symbol m\u0105dro\u015bci. Medaliony nad przej\u015bciami dla pieszych przedstawiaj\u0105 rzymskich wodz\u00f3w.<\/p>\n<p><strong><em>Ul. D\u0142ugie Ogrody<\/em><\/strong><br \/>\nPowsta\u0142\u0105 z prastarej drogi na \u017bu\u0142awy i Mierzej\u0119. Pierwsza wzminka o D\u0142ugich Ogrodach pochodzi z 1361 roku. Nazwa pochodzi od d\u0142ugo\u015bci i uk\u0142adu parceli oraz od znajduj\u0105cych si\u0119 tu wcze\u015bniej ogrodach warzywnych i kwiatowych. Ulica jest ko\u0144cowy odcinkiem Drogi Kr\u00f3lewskiej, w tutejszych gospodach zatrzymywali si\u0119 polscy panowie, gdy kr\u00f3l przyje\u017cd\u017ca\u0142 do Gda\u0144ska. Ulica by\u0142a zamieszkiwana przez r\u00f3\u017cne narodowo\u015bci m.in. menonit\u00f3w, anglik\u00f3w i szkot\u00f3w.<\/p>\n<p><strong><em>\u00a0Polska Szko\u0142a Handlowa<\/em><\/strong><br \/>\nZosta\u0142a ofiarowana Macierzy Szkolnej przez Edwarda Heina-Jereckiego. Istnia\u0142a w 1926-1936 roku w Wolnym Mie\u015bcie Gda\u0144sk na miejscu dawnego kasyna pruskiego. By\u0142a to \u015brednia szko\u0142\u0105 zawodowa przygotowuj\u0105ca do kupiectwa. Od 1929 roku obo znajdowa\u0142a si\u0119 dwuletnia Wy\u017csza szko\u0142a Handlowa. Obecnie Szko\u0142y Ekonomiczno &#8211; Handlowe im. Macierzy Szkolnej.<\/p>\n<p><strong><em>Ko\u015bci\u00f3\u0142 \u015aw. Barbary<\/em> <\/strong><br \/>\nNa <a href=\"http:\/\/przewodnikgdanski.pl\"><strong>zwiedzanie tr\u00f3jmiasta<\/strong><\/a> warto przygotoa\u0107 si\u0119 z ko\u015bcio\u0142\u00f3w gotyckich. Na przyk\u0142ad, w 1387 roku powsta\u0142 przytu\u0142ek dla starc\u00f3w z kaplic\u0105 \u015aw. Barbary ( patronka rybak\u00f3w) i szpitalem. W latach 1431-36 rozbudowano go. Od 1453 by\u0142 to ju\u017c ko\u015bci\u00f3\u0142 \u015aw. Barbary. Jest to ko\u015bci\u00f3\u0142 gotycki, niegdy\u015b dwu nawowy obecnie jedno nawowy, poniewa\u017c naw\u0119 po\u0142udniow\u0105 rozebrano w czasach PRL.<\/p>\n<p><em><strong>Brama St\u0105giewna<\/strong><\/em><br \/>\nInaczej nazywana st\u0105gwie mleczne (Milchkannentor). Jest fortyfikacj\u0105 miejsk\u0105 z 1517-19. Mamy du\u017c\u0105 i ma\u0142\u0105 st\u0105giew. Du\u017ca ma 27m wysoko\u015bci a ma\u0142a 12. Brama miejska na Wyspie Spichrz\u00f3w pochodzi z XVI wieku.<\/p>\n<p><em><strong>Most St\u0105giewny<\/strong><\/em><br \/>\nMa 15m d\u0142ugo\u015bci. \u0141\u0105czy Wysp\u0119 Spichrz\u00f3w z D\u0142ugimi Ogrodami. Do II Wojny \u015awiatowej most by\u0142 zwodzony i bieg\u0142a po nim linia tramwajowa z G\u0142\u00f3wnego Miasta na Stogi.<\/p>\n<p><em><strong>\u00a0<\/strong><\/em><\/p>\n<p><em><strong>Ul. Podwale Przedmiejskie<\/strong><\/em><br \/>\nUlica ma dwa km d\u0142ugo\u015bci i wyznacza granic\u0119 mi\u0119dzy G\u0142\u00f3wnym Miastem a Starym Przedmie\u015bciem, przecina Wysp\u0119 Spichrz\u00f3w i Dolne Miasto.<\/p>\n<p><em><strong>Koszary Artyleryjskie<\/strong><\/em><br \/>\nKoszary pruskie potocznie nazywane koszarami czerwonymi.<\/p>\n<p><strong><em>Akademia Muzyczna<\/em><\/strong><br \/>\nSk\u0142ada si\u0119 z gmachu koszar pruskich z 1873 roku i Gimnazjum Kr\u00f3lewskiego z 1881 roku. W dawnym gimnazjum mie\u015bci si\u0119 torat i aula, a w koszarach s\u0105 sale wyk\u0142adowe. Cz\u0119\u015b\u0107 budynku przeznaczona jest jako hotel.<\/p>\n<p><em><strong>Wyspa Spichrz\u00f3w<\/strong><\/em><br \/>\nPierwsze spichlerze powsta\u0142y w 1330 roku.w XVI wieku znajdowa\u0142o si\u0119 tam oko\u0142o 350 spichlerzy.. Cz\u0119\u015b\u0107 z nich jest odbudowana i przeznaczona do u\u017cytku, np: B\u0142\u0119kitny Baranek. Mia\u0142y one r\u00f3\u017cne nazwy np: Szara G\u0119\u015b czy Kr\u00f3lewski.<\/p>\n<p><strong><em>Targ ma\u015blany (garncarski)<\/em><\/strong><br \/>\nW 1650 roku powstaje plac targowy, gdzie targowano wyrobami typu mas\u0142o, melko twar\u00f3g, potem zacz\u0119to handlowa\u0107 tam wyrobami garncarskimi.Przy Targu ma\u015blanym znajduje si\u0119 budynek gimnazjum z 1837 roku a obecnie Technikum Spo\u017cywcze (budynek neoroma\u0144ski). W 1875-78 zbudowano neogotycki gmach dawnej dyrekcji poczty. Od 1926 roku w budynku tym funkcjonowa\u0142o studio Gda\u0144skiego radia.<\/p>\n<h2><a href=\"http:\/\/przewodnikgdanski.pl\"><strong>Zwiedzanie Tr\u00f3jmiasta<\/strong><\/a><\/h2>\n<p>(obiekty bardziej na po\u0142udnie)<\/p>\n<p><em><strong>Teatr Szekspirowski<\/strong><\/em><br \/>\nJest to teatr dramatyczny nawi\u0105zuj\u0105cy wygl\u0105dem do teatru el\u017cbieta\u0144skiego, otwarty w 2014 roku. Pocz\u0105tek projektu rozpocz\u0105\u0142 si\u0119 w 2008 roku dzi\u0119ki Fundacji Theatrum Gedanese. Jest ob\u0142o\u017cony 750 ty\u015b. cegie\u0142ek holenderek w kolorze czarnym.<\/p>\n<p><em><strong>Ul. Okopowa<\/strong><\/em><br \/>\nUlica powsta\u0142a w 1903 roku po rozebraniu cz\u0119\u015bci wa\u0142\u00f3w i bastion\u00f3w. Ulic\u0119 Okopow\u0105 tworz\u0105 dwa odcinki: Wa\u0142 Karowy i Wa\u0142 Wiebeg. W 1945 roku po\u0142\u0105czono te dwa odcinki i nazwano je ul. Okopow\u0105.<br \/>\n<strong><em>Gmach siedziby Komendy Policji<\/em><\/strong><br \/>\nZosta\u0142 wybudowany w 1950 roku i zaprojektowany przez Otto Koeppel. Jest on bardzo dobrym przyk\u0142adem eklektyzmu.<\/p>\n<p><strong><em>Brama Wy\u017cynna<\/em> <\/strong><br \/>\nWykonawcami s\u0105 Wilhelm van den Block i Jan Strakowski, powsta\u0142a w 1568-88. Jest to brama renesansowa.<\/p>\n<p><strong><em>W\u0119ze\u0142 Hucisko<\/em><\/strong><br \/>\nPowsta\u0142 po niwelacji wa\u0142\u00f3w miejskich. Nazwa pochodzi od warsztat\u00f3w obr\u00f3bki srebra z XV wieku.<\/p>\n<p><strong><em>Targ Drzewny<\/em><\/strong><br \/>\nNazwa pochodzi od handlu drewnem w tym miejscu. Znajduje si\u0119 tam pomnik Jana III Sobieskiego na koniu. Do 1965 roku znajdowa\u0142 si\u0119 we Lwowie.<\/p>\n<p><strong><em>Nowy Ratusz<\/em><\/strong><br \/>\nWybudowany na prze\u0142omie XX wieku. Od 1920 roku Pa\u0142ac Wysokiego Komisarza Ligi Narod\u00f3w. W latach 50 znajdowa\u0142 si\u0119 tam klub student\u00f3w wybrze\u017ca &#8222;\u017bak&#8221;. od lat 90 mamy tu Rad\u0119 Miasta.<\/p>\n<p><strong><em>Dom Partii KWPZPR<\/em><\/strong><br \/>\nW zamieszkach w grudniu 1970 zosta\u0142 podpalony, nast\u0119pnie zosta\u0142 przebudowany. Od lat 90 mamy tu siedzib\u0119 bank\u00f3w.<\/p>\n<p><strong><em>Ko\u015bci\u00f3\u0142 \u015aw. El\u017cbiety<\/em><\/strong><br \/>\nJest to ko\u015bci\u00f3\u0142 gotycki jedno nawowy.W XVI wieku by\u0142 to ko\u015bci\u00f3\u0142 kalwin\u00f3w obecnie jest to ko\u015bci\u00f3\u0142 ksi\u0119\u017cy pallatyn\u00f3w. Od 1981 roku s\u0105 w nim prowadzone transmisje mszy dla Polak\u00f3w poza krajem.<\/p>\n<p><em><strong>Dworzec G\u0142\u00f3wny<\/strong><\/em><br \/>\nZ 1900 roku, posta\u0107, kolorystyka i materia\u0142y s\u0105 typowe dla gda\u0144skiej odmiany niderlandzkiego renesansu. Wie\u017ca ma wysoko\u015b\u0107 48 m i jest zwie\u0144czona he\u0142mem. Obok dworca znajduje si\u0119 pomnik Kindretransport\u00f3w tzn. dzieci \u017cydowskich wywo\u017conych do Londynu w 1939 roku. Jego autorem jest Frank Meisler i zosta\u0142 ods\u0142oni\u0119ty w 2009 roku.<\/p>\n<p><strong><em>Centrum Biznesu &#8222;Zieleniak&#8221;<\/em><\/strong><br \/>\nJest to jeden z pierwszych drapaczy chmur w Gda\u0144sku. Powsta\u0142 w 1967 roku i ma 72 m wysoko\u015bci oraz 17 pi\u0119ter.<\/p>\n","protected":false},"excerpt":{"rendered":"<p>Brama \u017bu\u0142awska (Knipawska) Brama znajdowa\u0142a si\u0119 pomi\u0119dzy bastionem Lew a bastionem W\u00f3\u0142. Nazywana inaczej bram\u0105 Knipawsk\u0105, poniewa\u017c oddziela\u0142a Knipawy (tera\u017aniejsze Rudno) od miasta. Powsta\u0142a w 1628 roku, zbudowa\u0142 j\u0105 Jan Strakowski. Wystr\u00f3j kamieniarski jest dzie\u0142em Hermana Kunsta. Na \u015bcianie poddasza od zewn\u0105trz jest herb miasta, We wn\u0119kach do 1932 roku znajdowa\u0142y si\u0119 tam pos\u0105gi Diany[&#8230;]<\/p>\n","protected":false},"author":15,"featured_media":0,"comment_status":"open","ping_status":"open","sticky":false,"template":"","format":"standard","meta":[],"categories":[1],"tags":[],"_links":{"self":[{"href":"http:\/\/przewodnikgdanski.pl\/2015\/wp-json\/wp\/v2\/posts\/697"}],"collection":[{"href":"http:\/\/przewodnikgdanski.pl\/2015\/wp-json\/wp\/v2\/posts"}],"about":[{"href":"http:\/\/przewodnikgdanski.pl\/2015\/wp-json\/wp\/v2\/types\/post"}],"author":[{"embeddable":true,"href":"http:\/\/przewodnikgdanski.pl\/2015\/wp-json\/wp\/v2\/users\/15"}],"replies":[{"embeddable":true,"href":"http:\/\/przewodnikgdanski.pl\/2015\/wp-json\/wp\/v2\/comments?post=697"}],"version-history":[{"count":3,"href":"http:\/\/przewodnikgdanski.pl\/2015\/wp-json\/wp\/v2\/posts\/697\/revisions"}],"predecessor-version":[{"id":880,"href":"http:\/\/przewodnikgdanski.pl\/2015\/wp-json\/wp\/v2\/posts\/697\/revisions\/880"}],"wp:attachment":[{"href":"http:\/\/przewodnikgdanski.pl\/2015\/wp-json\/wp\/v2\/media?parent=697"}],"wp:term":[{"taxonomy":"category","embeddable":true,"href":"http:\/\/przewodnikgdanski.pl\/2015\/wp-json\/wp\/v2\/categories?post=697"},{"taxonomy":"post_tag","embeddable":true,"href":"http:\/\/przewodnikgdanski.pl\/2015\/wp-json\/wp\/v2\/tags?post=697"}],"curies":[{"name":"wp","href":"https:\/\/api.w.org\/{rel}","templated":true}]}}