{"id":1018,"date":"2017-03-20T16:19:45","date_gmt":"2017-03-20T15:19:45","guid":{"rendered":"http:\/\/przewodnikgdanski.pl\/2017\/?p=1018"},"modified":"2017-03-24T00:10:22","modified_gmt":"2017-03-23T23:10:22","slug":"blekitny-general-w-cale-minut-5","status":"publish","type":"post","link":"https:\/\/przewodnikgdanski.pl\/2017\/20\/blekitny-general-w-cale-minut-5\/","title":{"rendered":"&#8222;B\u0142\u0119kitny Genera\u0142&#8221; w ca\u0142e minut 5."},"content":{"rendered":"<p align=\"LEFT\">Urodzony<b> <\/b> 13 sierpnia 1873 roku we wsi Jurczyce pod Krakowem, genera\u0142 broni,<br \/>\n<b>J\u00f3zef Haller von Hallenburg,<\/b><br \/>\nto \u017co\u0142nierz i oficer, legionista i dow\u00f3dca, inicjator ruchu skautowskiego na ziemiach polskich, a w II RP harcmistrz i przewodnicz\u0105cy ZHP, przewodnicz\u0105cy PCK, polityk &#8211; pose\u0142 na sejm, prezes Stronnictwa Pracy, a w czasie II wojny \u015bwiatowej &#8211; minister w rz\u0105dzie W\u0142adys\u0142awa Sikorskiego.<br \/>\nDzi\u015b mogliby\u015bmy powiedzie\u0107, \u017ce J\u00f3zef Haller by\u0142 typem \u201epa\u0144stwowca\u201d, kt\u00f3ry wiele ze swych aktywno\u015bci, funkcji i stanowisk, w r\u00f3\u017cnych okresach \u017cycia pe\u0142ni\u0142 r\u00f3wnocze\u015bnie &#8211; o skuteczno\u015bci jego dokona\u0144, wybor\u00f3w \u017cyciowych i zas\u0142ug najdobitniej \u015bwiadcz\u0105 ordery:<br \/>\nOr\u0142a Bia\u0142ego oraz Virtuti Militari.<\/p>\n<p align=\"LEFT\">Najbardziej znany epizod kariery genera\u0142a, to przybycie na ziemie polskie, na czele sformowanej we Francji, polskiej \u201eB\u0142\u0119kitnej\u201d Armii, z kt\u00f3r\u0105 Haller dociera tu w kwietniu 1919 roku.<br \/>\nTo moment, kt\u00f3ry stworzy\u0142 legend\u0119 i jego samego, i ca\u0142ej formacji \u2013 moment, kt\u00f3ry sprawi\u0142, \u017ce jest on dzi\u015b jednym z \u201eojc\u00f3w\u201d odzyskanej niepodleg\u0142o\u015bci.<br \/>\nAle realnie, najwa\u017cniejsza misja, kt\u00f3r\u0105 Haller zaznaczy\u0142 si\u0119 w naszej historii &#8211; Pomorza Gda\u0144skiego szczeg\u00f3lnie, wydarzy si\u0119 wcale nie na polach bitew.<br \/>\nW samym \u015brodku wojny polsko bolszewickiej, w styczniu roku 1920, otrzymuje on niezwykle wa\u017cn\u0105 misj\u0119 &#8211; dow\u00f3dztwo Frontu Pomorskiego z zadaniem odzyskania dost\u0119pu RP do wybrze\u017ca Ba\u0142tyku. I nie by\u0142o to zadanie \u0142atwe, bo cho\u0107 przebiega\u0142o raczej pokojowo, wycofuj\u0105ce si\u0119 niemieckie oddzia\u0142y podj\u0119\u0142y tu tylko kilka pr\u00f3b stawiania zbrojnego oporu, to przypadki sabota\u017cu ze strony ludno\u015bci cywilnej by\u0142y bardzo cz\u0119ste.<br \/>\nBy\u0142a to wi\u0119c misja tyle wojskowa co i dyplomatyczna.<\/p>\n<p>Polacy ju\u017c w styczniu 1919 zajmuj\u0105 Toru\u0144 \u2013 przysz\u0142\u0105 stolic\u0119 woj. pomorskiego, potem metodycznie, przejmuj\u0105 kolejne miejscowo\u015bci i powiaty a\u017c do brzegu Ba\u0142tyku. I tak do<br \/>\n10 lutego 1920 roku, ca\u0142e Pomorze Gda\u0144skie, kt\u00f3re traktatem Wersalskim przyznano Polsce &#8211; rzeczywi\u015bcie wraca w jej granice.<br \/>\n11 lutego, ostatni niemieccy \u017co\u0142nierze opuszczaj\u0105 zdemilitaryzowany<br \/>\nGda\u0144sk &#8211; Wolne Miasto kt\u00f3re zostaje poza granicami Polski.<\/p>\n<p><a id=\"set-post-thumbnail\" class=\"thickbox\" href=\"http:\/\/przewodnikgdanski.pl\/2017\/wp-admin\/media-upload.php?post_id=1018&amp;type=image&amp;TB_iframe=1\"><img loading=\"lazy\" class=\"attachment-post-thumbnail \" src=\"http:\/\/przewodnikgdanski.pl\/2017\/wp-content\/uploads\/2017\/03\/Haller-powro%CC%81t-Pomorza-580x198.jpeg\" alt=\"\" width=\"517\" height=\"176\" \/><\/a><\/p>\n<p>Przejmowanie ziemi pomorskiej wie\u0144czy ceremonia i symboliczny akt za\u015blubin z morzem, w\u0142a\u015bnie 10 lutego 1920 roku w Pucku.<\/p>\n<p>Dla pa\u0144stwa polskiego i ludno\u015bci Pomorza uroczysto\u015b\u0107 to niezwykle wa\u017cna. Pieczo\u0142owicie j\u0105 przygotowano, cho\u0107 trzeba pami\u0119ta\u0107 &#8211; by\u0142 to \u015brodek wojny RP z bolszewick\u0105 Rosj\u0105.<\/p>\n<p>Rangi aktu dowodzi liczna delegacja, nie tylko w\u0142adz pa\u0144stwowych i osobisto\u015bci wa\u017cnych dla polsko\u015bci Pomorza, jak m.in. wicepremier \u00f3wczesnego rz\u0105du Wincenty Witos, minister spraw wewn\u0119trznych &#8211; Stanis\u0142aw Wojciechowski, p\u00f3\u017aniejszy drugi prezydent RP, czy w\u0142adze wojew\u00f3dztwa i lokalne.<br \/>\nP\u0142omienne kazanie wyg\u0142osi\u0142 ks. J\u00f3zef Wrycza \u2013 kapelan Frontu Pomorskiego.<br \/>\nPo\u015bwi\u0119cono Bander\u0119 Polsk\u0105 i podniesiono j\u0105 w huku 21 salwach armatnich.<br \/>\nW imieniu dotychczasowych stra\u017cnik\u00f3w polsko\u015bci wybrze\u017ca, Kaszub\u00f3w \u2013 rybak i szyper Jakub My\u015blisz, przekaza\u0142 symbolicznie stra\u017c w r\u0119ce polskich marynarzy,<br \/>\nEugeniusza P\u0142awskiego oraz Floriana Napiera\u0142y.<br \/>\nTo oni podnie\u015bli bander\u0119 na maszcie, jako znak obj\u0119cia przez Polsk\u0105 Marynark\u0119 Wojenn\u0105 wachty na Ba\u0142tyku.<br \/>\nR\u00f3wnocze\u015bnie w Rewie na dziesi\u0119ciu szkutach podniesiono Polskie Bandery, tworz\u0105c zal\u0105\u017cek Polskiej Marynarki Handlowej.<\/p>\n<p>W tym dniu Zatoka Pucka by\u0142a zamarzni\u0119ta &#8211; J\u00f3zef Haller wjecha\u0142 konno na jedn\u0105 ze schodz\u0105cych do wody pochylni dla hydroplan\u00f3w i wrzuci\u0142 do przer\u0119bli wyciosanej w krze Zatoki Puckiej platynowy pier\u015bcie\u0144 &#8211; jeden dw\u00f3ch, kt\u00f3re w Gda\u0144sku ofiarowali tamtejsi Polacy. Drugi pier\u015bcie\u0144 Haller b\u0119dzie nosi\u0142 do ko\u0144ca \u017cycia.<br \/>\nTak oto dokonano symbolicznych za\u015blubin &#8211; Polska odzyska\u0142a Pomorze Gda\u0144skie.<br \/>\nGenera\u0142 Haller odby\u0142 jeszcze tego dnia prywatny rejs po Zatoce Puckiej, kutrem<br \/>\n\u201eGwiazda Morza\u201d i&#8230;<br \/>\nI ziemia ta, tak mu si\u0119 spodoba\u0142a, \u017ce niebawem, w Wielkiej Wsi &#8211; dzisiejszym W\u0142adys\u0142awowie, kupi will\u0119 gdzie wraz z rodzin\u0105 b\u0119dzie sp\u0119dza\u0142 letnie wakacje.<\/p>\n<p>W trakcie uroczysto\u015bci za\u015blubin byli te\u017c oczywi\u015bcie obecni liczni Kaszubi, a tak\u017ce inni Polacy, nie tylko miejscowi. Byli i liczni dziennikarze oraz arty\u015bci, jak cho\u0107by malarz Julian Fa\u0142at, kt\u00f3ry jeszcze w roku 1920 namaluje obraz \u201eZa\u015blubiny Polski z Morzem\u201d.<br \/>\nDzie\u0142o to, obecnie wystawione w Narodowym Muzeum Morskim na gda\u0144skiej O\u0142owiance, d\u0142ugo zapomniane,\u00a0 odnalezione i odrestaurowane dopiero niedawno, ma szczeg\u00f3lne walory dokumentalne i historyczne, bowiem stworzy\u0142 je naoczny \u015bwiadek.<br \/>\n10 lat p\u00f3\u017aniej Wojciech Kossak zainspirowany tym niezwyk\u0142ym wydarzeniem namalowa\u0142 inny obraz &#8211; &#8222;Za\u015blubiny Polski z Ba\u0142tykiem&#8221;.<br \/>\nDo dzi\u015b to najbardziej znane, artystyczne upami\u0119tnienie tamtych chwil.<\/p>\n<p>Po wype\u0142nieniu misji \u201epomorskiej\u201d, wiosn\u0105 1920 roku gen. Haller wraca na front wojny polsko bolszewickie, jest w sk\u0142adzie Rady Obrony Pa\u0144stwa, a w czasie bitwy warszawskiej dowodzi obron\u0105 przedpola stolicy.<br \/>\nDo ko\u0144ca wojny kieruje walkami na Froncie P\u00f3\u0142nocno \u2013 Wschodnim. W 1926 roku Haller pot\u0119pi\u0142 zamach majowy Pi\u0142sudskiego i 3 miesi\u0105ce p\u00f3\u017aniej zostaje przeniesiony w stan spoczynku. Zamieszka\u0142 \u2013 nomen omen &#8211; na ziemiach kt\u00f3re Polsce przywraca\u0142, na Pomorzu, ko\u0142o Che\u0142mna. B\u0119d\u0105c w opozycji wobec sanacji, przed wybuchem II wojny \u015bwiatowej pozosta\u0142 bez przydzia\u0142u wojskowego i po kl\u0119sce Wrze\u015bnia&#8217;39, przez Rumuni\u0119 przedosta\u0142 si\u0119 do Francji, gdzie w rz\u0105dzie W\u0142adys\u0142awa Sikorskiego pe\u0142ni\u0142 funkcj\u0119 ministra. Po zako\u0144czeniu wojny pozosta\u0142 na emigracji w Londynie i tam zmar\u0142 4 czerwca 1960 roku.Jego prochy sprowadzono do Polski w roku 1993 i z\u0142o\u017cono w Ko\u015bciele Garnizonowym \u015bw. Agnieszki w Krakowie.<\/p>\n<p><em>Ps.1 Uprzedzaj\u0105c ew. pytanie dociekliwego wycieczkowicza, kt\u00f3ry oczywi\u015bcie zna odpowied\u017a bo inaczej by o to nie pyta\u0142 &#8211; odpowiadam z nieukrywan\u0105 przyjemno\u015bci\u0105.<\/em><\/p>\n<h4><em><strong>Gda\u0144ski epizod \u201eB\u0142\u0119kitnego Genera\u0142a\u201d &#8211; pobyt w Gda\u0144sku i<br \/>\nmiejsca jego upami\u0119tnienia na Pomorzu Gda\u0144skim<\/strong><\/em><\/h4>\n<h4><span style=\"font-family: Times New Roman,serif\"><span style=\"font-size: small\"><i>Pocz\u0105tkowo J\u00f3zef Haller m\u00f3g\u0142 oficjalnie pojawi\u0107 si\u0119 w Gda\u0144sku ju\u017c wiosna 1919 roku, t\u0119dy bowiem planowano przerzucenie B\u0142\u0119kitnej Armii z Francji na ziemie polskie.<br \/>\nZdecydowanie sprzeciwili si\u0119 temu Anglicy. Haller pojawi si\u0119 tu wi\u0119c dopiero prawie rok p\u00f3\u017aniej &#8211; w drodze do Pucka, na ceremoni\u0119 za\u015blubin z morzem&#8230;<br \/>\nPrzyjecha\u0142 do Gda\u0144ska rano 10 lutego 1920 roku <span style=\"color: #000000\">poci\u0105giem z Torunia.<br \/>\nJecha\u0142 w glorii bohatera,\u00a0 jednego z ojc\u00f3w dopiero co odzyskanej niepodleg\u0142o\u015bci i dow\u00f3dcy legendarnej &#8222;B\u0142\u0119kitnej Armii&#8221;.<br \/>\nW Gda\u0144sku, gdzie Polacy stanowili zdecydowan\u0105 mniejszo\u015b\u0107 &#8211; poci\u0105g, kt\u00f3rym podr\u00f3\u017cowa\u0142 wraz z delegacj\u0105 rz\u0105dow\u0105, otacza na dworcu wielu witaj\u0105cych i wiwatuj\u0105cych rodak\u00f3w. Mimo, \u017ce ani genera\u0142, ani towarzysz\u0105cy mu przedstawiciele armii i w\u0142adz polskich nie opu\u015bcili wagon\u00f3w, to jak wspominaj\u0105 \u015bwiadkowie &#8211; na dworcu panowa\u0142 niezwyk\u0142y entuzjazm.<br \/>\nTo tam, starosta pomorski, dr J\u00f3zef Wybicki (potomek tw\u00f3rcy polskiego hymnu) wr\u0119czy\u0142 Hallerowi 2 platynowe pier\u015bcienie -dar gda\u0144skich Polak\u00f3w. <\/span><span style=\"color: #000000\"><br \/>\n<\/span><span style=\"color: #000000\">Gdy po d\u0142ugim postoju wyruszyli z Gda\u0144ska, nie przejechali daleko &#8211; zatrzymano ich na stacji<\/span> <span style=\"color: #000000\">we Wrzeszczu. Tam oko\u0142o 2 tys. Polak\u00f3w utworzy\u0142o \u017cyw\u0105 zapor\u0119 na torach. M\u0119\u017cczy\u017ani, kobiety i m\u0142odzie\u017c, zatrzymuj\u0105 poci\u0105g na kilka godzin domagaj\u0105c si\u0119, by uroczysto\u015b\u0107 za\u015blubin z morzem odby\u0142a si\u0119 w Gda\u0144sku.<br \/>\nZ przyczyn \u2013 g\u0142\u00f3wnie, ale nie tylko politycznych &#8211; oczywi\u015bcie nie by\u0142o to mo\u017cliwe, dlatego tak jak planowano i przygotowano &#8211; powr\u00f3t Rzeczpospolitej nad Ba\u0142tyk zosta\u0142 przypiecz\u0119towany w Pucku, jedynym miejscu gdzie istnia\u0142 ma\u0142y, wojenny port wojskowych hydroplan\u00f3w.<br \/>\n<\/span><\/i><\/span><\/span><em>\u201eB\u0142\u0119kitny Genera\u0142\u201d ma na Pomorzu Gda\u0144skim wiele miejsc upami\u0119tnienia, w Gda\u0144sku Wrzeszczu, nazwana\u00a0 jego imieniem jest jedna z g\u0142\u00f3wnych ulic tej dzielnicy, nomen omen \u2013 <span style=\"color: #000000\">biegn\u0105ca ku morzu &#8211; Aleja Gen. J\u00f3zefa Hallera. Podobnie jest w Gdyni &#8211; ulica Gen. J\u00f3zefa Hallera jest ulic\u0105 r\u00f3wnoleg\u0142\u0105 do ulicy J\u00f3zefa Pi\u0142sudskiego i te\u017c wiedzie ku morzu.<br \/>\nPraktycznie wszystkie z wi\u0119kszych pomorskich miejscowo\u015bci maj\u0105 te\u017c tak\u0105 ulic\u0119 &#8211; od Torunia pocz\u0105wszy, na Pucku i W\u0142adys\u0142awowie ko\u0144cz\u0105c.<br \/>\n<\/span><span style=\"color: #000000\">W tych trzech ostatnich o\u015brodkach, to nie tylko ulice g\u0142\u00f3wne &#8211; stoj\u0105 tam tak\u017ce pomniki J\u00f3zefa Hallera.<\/span><\/em><\/h4>\n<h4><em>Ps. 2 <\/em><br \/>\n<em>I poza konkursem, i nie do uczestnik\u00f3w wycieczki, a do Was (wszystkich dw\u00f3ch, czytaj\u0105cych te s\u0142owa&#8230;)<\/em><br \/>\n<em> Tak na koniec, obiecuj\u0119\u00a0 \u2013 naprawd\u0119.<\/em><br \/>\n<em> <span style=\"color: #000000\">R<\/span><span style=\"color: #000000\">ok 2017 to rok J\u00f3zefa Hallera.<br \/>\nCzy wiecie o tym, \u017ce 4 listopada 2016 r. Senat Rzeczypospolitej Polskiej przyj\u0105\u0142 uchwa\u0142\u0119 w sprawie ustanowienia roku 2017 &#8211; Rokiem genera\u0142a J\u00f3zefa Hallera?<br \/>\n<\/span><span style=\"color: #000000\">Jak czytamy w owej ustawie:<\/span><\/em><strong><span style=\"color: #000000\"><br \/>\n<\/span><\/strong><em><strong><span style=\"color: #000000\">\u201eGenera\u0142 J\u00f3zef Haller (1873\u20131960) by\u0142 jednym z najwybitniejszych polskich dow\u00f3dc\u00f3w (\u2026)<br \/>\nZ jego biografi\u0105 wi\u0105\u017ce si\u0119 wiele niezwyk\u0142ych wydarze\u0144, kt\u00f3rych rocznice obchodzimy w 2017 r. (\u2026)<br \/>\nOg\u0142oszenie roku 2017 Rokiem Genera\u0142a J\u00f3zefa Hallera pozwoli nie tylko przybli\u017cy\u0107 <\/span><\/strong><strong><span style=\"color: #000000\">posta\u0107 samego genera\u0142a (\u2026), ale tak\u017ce skupi\u0107 uwag\u0119 Polak\u00f3w na wa\u017cnych wydarzeniach i wyj\u0105tkowych organizacjach, zas\u0142u\u017conych w dziejach Polski, znanych z krzewienia polsko\u015bci i patriotycznego ducha\u201d<\/span><\/strong> <strong><span style=\"color: #000000\"><br \/>\n<\/span><\/strong><span style=\"color: #000000\">Hmm&#8230;<\/span><span style=\"color: #000000\"><br \/>\nCzy aby na pewno?<br \/>\nBo ja jeszcze do niedawna nie mia\u0142em o tym zielonego poj\u0119cia.<\/span><\/em><\/h4>\n","protected":false},"excerpt":{"rendered":"<p>Urodzony 13 sierpnia 1873 roku we wsi Jurczyce pod Krakowem, genera\u0142 broni, J\u00f3zef Haller von Hallenburg, to \u017co\u0142nierz i oficer, legionista i dow\u00f3dca, inicjator ruchu skautowskiego na ziemiach polskich, a w II RP harcmistrz i przewodnicz\u0105cy ZHP, przewodnicz\u0105cy PCK, polityk &hellip; <a href=\"https:\/\/przewodnikgdanski.pl\/2017\/20\/blekitny-general-w-cale-minut-5\/\">Czytaj dalej <span class=\"meta-nav\">&rarr;<\/span><\/a><\/p>\n","protected":false},"author":22,"featured_media":1020,"comment_status":"open","ping_status":"open","sticky":false,"template":"","format":"standard","meta":[],"categories":[1],"tags":[33],"_links":{"self":[{"href":"https:\/\/przewodnikgdanski.pl\/2017\/wp-json\/wp\/v2\/posts\/1018"}],"collection":[{"href":"https:\/\/przewodnikgdanski.pl\/2017\/wp-json\/wp\/v2\/posts"}],"about":[{"href":"https:\/\/przewodnikgdanski.pl\/2017\/wp-json\/wp\/v2\/types\/post"}],"author":[{"embeddable":true,"href":"https:\/\/przewodnikgdanski.pl\/2017\/wp-json\/wp\/v2\/users\/22"}],"replies":[{"embeddable":true,"href":"https:\/\/przewodnikgdanski.pl\/2017\/wp-json\/wp\/v2\/comments?post=1018"}],"version-history":[{"count":6,"href":"https:\/\/przewodnikgdanski.pl\/2017\/wp-json\/wp\/v2\/posts\/1018\/revisions"}],"predecessor-version":[{"id":1050,"href":"https:\/\/przewodnikgdanski.pl\/2017\/wp-json\/wp\/v2\/posts\/1018\/revisions\/1050"}],"wp:featuredmedia":[{"embeddable":true,"href":"https:\/\/przewodnikgdanski.pl\/2017\/wp-json\/wp\/v2\/media\/1020"}],"wp:attachment":[{"href":"https:\/\/przewodnikgdanski.pl\/2017\/wp-json\/wp\/v2\/media?parent=1018"}],"wp:term":[{"taxonomy":"category","embeddable":true,"href":"https:\/\/przewodnikgdanski.pl\/2017\/wp-json\/wp\/v2\/categories?post=1018"},{"taxonomy":"post_tag","embeddable":true,"href":"https:\/\/przewodnikgdanski.pl\/2017\/wp-json\/wp\/v2\/tags?post=1018"}],"curies":[{"name":"wp","href":"https:\/\/api.w.org\/{rel}","templated":true}]}}