{"id":1051,"date":"2017-03-27T13:48:32","date_gmt":"2017-03-27T11:48:32","guid":{"rendered":"http:\/\/przewodnikgdanski.pl\/2017\/?p=1051"},"modified":"2017-03-27T13:48:32","modified_gmt":"2017-03-27T11:48:32","slug":"wlodzimierz-steyer","status":"publish","type":"post","link":"https:\/\/przewodnikgdanski.pl\/2017\/27\/wlodzimierz-steyer\/","title":{"rendered":"W\u0142odzimierz Steyer"},"content":{"rendered":"<p><strong>W\u0142odzimierz Steyer<\/strong><\/p>\n<p>Polski kontradmira\u0142 i morski oficer pok\u0142adowy okr\u0119t\u00f3w nawodnych<\/p>\n<p>W\u0142odzimierz Steyer urodzi\u0142 si\u0119 15.7.1892 w Montrealu, nied\u0142ugo p\u00f3\u017aniej jego rodzina przeprowadzi\u0142a si\u0119 do Petersburga. Tam w 1913 roku Steyer uko\u0144czy\u0142 nauk\u0119 w Korpusie Morskim i kurs artylerii morskiej. Studiowa\u0142 tak\u017ce w Szkole Oficer\u00f3w Artyleryjskich w Tulonie (we Francji) w roku 1926.<\/p>\n<p>W czasie I Wojny \u015awiatowej bra\u0142 udzia\u0142 w dzia\u0142aniach wojennych na M. \u015ar\u00f3dziemnym i w Dardanelach na pok\u0142adzie jednostki carskiej Marynarki Wojennej Rosji. W roku 1917 zosta\u0142 ranny, po powrocie do zdrowia wr\u00f3ci\u0142 na front, do Finlandii i bra\u0142 udzia\u0142 w eskadrze murma\u0144skiej.<\/p>\n<p>Po odzyskaniu niepodleg\u0142o\u015bci przez Polsk\u0119 w roku 1919 zaci\u0105gn\u0105\u0142 si\u0119 do Wojska Polskiego. W roku 1920 sformowa\u0142 jako dow\u00f3dca III Batalion Morski i wyruszy\u0142 na front wojny polsko-bolszewickiej. Batalion nie wzi\u0105\u0142 udzia\u0142u w walkach.<\/p>\n<p>W latach 1921-22 p\u0142ywa\u0142 jako dow\u00f3dca ORP \u201eGenera\u0142 Haller\u201d, ORP \u201eKomendant Pi\u0142sudski\u201d, a nast\u0119pnie ORP \u201eMazur\u201d z podchor\u0105\u017cymi (by\u0142 dyrektorem Kurs\u00f3w Instruktorskich dla Oficer\u00f3w).<\/p>\n<p>W 1930 r. by\u0142 dow\u00f3dc\u0105 Dywizjonu Szkolnego.<\/p>\n<p>Od IV.1933 r. do VI.1935 by\u0142 dow\u00f3dc\u0105 Dywizjonu Kontrtorpedowc\u00f3w.<\/p>\n<p>W roku 1936 by\u0142 komendantem Portu Wojennego Gdynia<\/p>\n<p>Od 1937 roku dowodzi\u0142 Rejonem Umocnionym Hel. Od 1.IX.- 2.X. 1939 wsp\u00f3\u0142dowodzi\u0142 obron\u0105 tego terenu. Wojn\u0119 sp\u0119dzi\u0142 w niewoli w niemieckich oflagach.<\/p>\n<p>Po 1945 roku zosta\u0142 wcielony do Marynarki Wojennej PRL. Od roku 1947 zosta\u0142 jej dow\u00f3dc\u0105. W 1949 roku przedstawi\u0142 propozycj\u0119 skoncentrowania g\u0142\u00f3wnych jednostek p\u0142ywaj\u0105cych w Gdyni (remonty, zaopatrywanie jednostek w odleg\u0142ym \u015awinouj\u015bciu by\u0142y k\u0142opotliwe), przyjazdu doradc\u00f3w radzieckich i 5 letniej s\u0142u\u017cby na okr\u0119tach.<\/p>\n<p>W 1950 roku, na fali stalinowskich czystek w wojsku, zosta\u0142 odwo\u0142any w trybie natychmiastowym i przeniesiony w stan spoczynku. Powodem by\u0142o niewydanie zgody na areszt Zbigniewa W\u0119glarza, dow\u00f3dcy ORP \u201eB\u0142yskawica\u201d.<\/p>\n<p>Pracowa\u0142 p\u00f3\u017aniej, ze wzgl\u0119du na to, \u017ce jego generalska emerytura by\u0142a groszowa, w PKO w Gdyni, potem w Ostro\u0142\u0119ce. W 1957 roku na fali odwil\u017cy politycznej otrzyma\u0142 mieszkanie we Wrzeszczu. Zmar\u0142 \u00a015.9.1957 w Gda\u0144sku. Zosta\u0142 pochowany z honorami wojskowymi na Cmentarzu Obro\u0144c\u00f3w Wybrze\u017ca w Gdyni Red\u0142owie.<\/p>\n<p>&nbsp;<\/p>\n<p>Opr\u00f3cz pracy zawodowej pisa\u0142 te\u017c artyku\u0142y z zakresu si\u0142 morskich. By\u0142 te\u017c t\u0142umaczem. Pod pseudonimem Brunona Dzimicza publikowa\u0142 powie\u015bci beletrystyczne &#8211; \u201eSamotny kr\u0105\u017cownik\u201d, \u201eSkaza marynarska\u201d i inne. Jego ostatni\u0105 ksi\u0105\u017ck\u0105, wydan\u0105 pod swoim nazwiskiem, jest \u201eSamotny p\u00f3\u0142wysep\u201d.<\/p>\n<p>&nbsp;<\/p>\n<p><strong>Upami\u0119tnienia<\/strong><\/p>\n<p>Jego imi\u0119 nosz\u0105 szko\u0142y podstawowe w Krokowej i W\u0142adys\u0142awowie.<\/p>\n<p>Nazwano jego imieniem ulice w Gdyni, Ostro\u0142\u0119ce, Helu, W\u0142adys\u0142awowie, Pucku i \u015awinouj\u015bciu.<\/p>\n<p>Jest patronem Skansenu Fortyfikacji II RP w Jastarni.<\/p>\n<p>W 2003 roku nadano mu tytu\u0142 Honorowego Obywatela Miasta Helu.<\/p>\n<p>&nbsp;<\/p>\n<p><strong>Odznaczenia:<\/strong><\/p>\n<p>Z\u0142oty Krzy\u017c Zas\u0142ugi<\/p>\n<p>Krzy\u017c Srebrny Orderu Virtuti Militari<\/p>\n<p>Krzy\u017c Kawalerski, Oficerski, Komandorski Orderu Odrodzenia Polski<\/p>\n<p>Kr\u00f3lewski Medal Wiktoria\u0144ski (Anglia) i in.<\/p>\n<p>&nbsp;<\/p>\n","protected":false},"excerpt":{"rendered":"<p>W\u0142odzimierz Steyer Polski kontradmira\u0142 i morski oficer pok\u0142adowy okr\u0119t\u00f3w nawodnych W\u0142odzimierz Steyer urodzi\u0142 si\u0119 15.7.1892 w Montrealu, nied\u0142ugo p\u00f3\u017aniej jego rodzina przeprowadzi\u0142a si\u0119 do Petersburga. Tam w 1913 roku Steyer uko\u0144czy\u0142 nauk\u0119 w Korpusie Morskim i kurs artylerii morskiej. Studiowa\u0142 &hellip; <a href=\"https:\/\/przewodnikgdanski.pl\/2017\/27\/wlodzimierz-steyer\/\">Czytaj dalej <span class=\"meta-nav\">&rarr;<\/span><\/a><\/p>\n","protected":false},"author":17,"featured_media":0,"comment_status":"open","ping_status":"open","sticky":false,"template":"","format":"standard","meta":[],"categories":[1],"tags":[39],"_links":{"self":[{"href":"https:\/\/przewodnikgdanski.pl\/2017\/wp-json\/wp\/v2\/posts\/1051"}],"collection":[{"href":"https:\/\/przewodnikgdanski.pl\/2017\/wp-json\/wp\/v2\/posts"}],"about":[{"href":"https:\/\/przewodnikgdanski.pl\/2017\/wp-json\/wp\/v2\/types\/post"}],"author":[{"embeddable":true,"href":"https:\/\/przewodnikgdanski.pl\/2017\/wp-json\/wp\/v2\/users\/17"}],"replies":[{"embeddable":true,"href":"https:\/\/przewodnikgdanski.pl\/2017\/wp-json\/wp\/v2\/comments?post=1051"}],"version-history":[{"count":1,"href":"https:\/\/przewodnikgdanski.pl\/2017\/wp-json\/wp\/v2\/posts\/1051\/revisions"}],"predecessor-version":[{"id":1052,"href":"https:\/\/przewodnikgdanski.pl\/2017\/wp-json\/wp\/v2\/posts\/1051\/revisions\/1052"}],"wp:attachment":[{"href":"https:\/\/przewodnikgdanski.pl\/2017\/wp-json\/wp\/v2\/media?parent=1051"}],"wp:term":[{"taxonomy":"category","embeddable":true,"href":"https:\/\/przewodnikgdanski.pl\/2017\/wp-json\/wp\/v2\/categories?post=1051"},{"taxonomy":"post_tag","embeddable":true,"href":"https:\/\/przewodnikgdanski.pl\/2017\/wp-json\/wp\/v2\/tags?post=1051"}],"curies":[{"name":"wp","href":"https:\/\/api.w.org\/{rel}","templated":true}]}}