{"id":1134,"date":"2017-04-04T14:42:37","date_gmt":"2017-04-04T12:42:37","guid":{"rendered":"http:\/\/przewodnikgdanski.pl\/2017\/?p=1134"},"modified":"2017-04-05T10:48:44","modified_gmt":"2017-04-05T08:48:44","slug":"objazd-legionow-do-domu-marynarza-krzysiek","status":"publish","type":"post","link":"https:\/\/przewodnikgdanski.pl\/2017\/04\/objazd-legionow-do-domu-marynarza-krzysiek\/","title":{"rendered":"Objazd: Legion\u00f3w &#8211; do Domu Marynarza &#8211; Krzysiek"},"content":{"rendered":"<p>Powsta\u0144 Ch\u0142opskich<\/p>\n<p>Po lewej<\/p>\n<p>Pomorski Urz\u0105d Wojew\u00f3dzki, Wydzia\u0142 Spraw Obywatelskich i Cudzoziemc\u00f3w -Oddzia\u0142 Paszport\u00f3w<\/p>\n<p>SKOK im. F. Stefczyka \u2013 krajowa siedziba<\/p>\n<p>Widok na Ma\u0142y Kack, Witomino<\/p>\n<p>Na wprost<\/p>\n<p>Altus Zesp\u00f3\u0142 mieszkalno-us\u0142ugowy Altus<\/p>\n<p>Po prawej<\/p>\n<p>Cm. Obro\u0144c\u00f3w Wybrze\u017ca &#8212; poleg\u0142ych Obro\u0144c\u00f3w Wybrze\u017ca z IX 1939 oraz ponad 1300 \u017co\u0142nierzy I Korpusu Pancernego Gwardii II Frontu Bia\u0142oruskiego &#8212;13m\u00a0 Pomnik aut. Adama Smolany. z blachy niklowo \u2013 wolframowej i symbolizuje rozdart\u0105 luf\u0119 armaty &#8211; 1968 r.\u00a0\u00a0\u00a0 \u201eNatasza\u201d, czyli Pomnik Wdzi\u0119czno\u015bci. w 1990 przeniesiona ze Skweru Ko\u015bciuszki \u2013 Marian Wnuk<\/p>\n<p>Po lewej<\/p>\n<p>Altus Zesp\u00f3\u0142 mieszkalno-us\u0142ugowy \u2013 17 kondygnacji 250 mieszka\u0144\u00a0\u00a0\u00a0\u00a0\u00a0 (Invest \u00a0\u00a0Comfort)<\/p>\n<p>Pomorski Park Naukowo Techniczny w prze\u015bwicie ul. Stryjskiej<\/p>\n<p>Stryjska<\/p>\n<p>Po lewej<\/p>\n<p>Kaczewska 1, 3, 5 &#8211;\u00a0 tajemniczy zesp\u00f3\u0142 budynk\u00f3w przeznaczonych\u00a0dla wysokiej rangi urz\u0119dnik\u00f3w wojskowych i oficer\u00f3w lotnictwa. Niemal\u017ce pancerna konstrukcja budynk\u00f3w, w\u0142asne schrony, w po\u0142\u0105czeniu z typowo modernistycznymi elementami jak \u201etermometr\u201d, zaokr\u0105glone wej\u015bcia oraz nisze okienne, tworz\u0105 jedne z najbardziej oryginalnych i tajemniczych realizacji gdy\u0144skiego modernizmu.<\/p>\n<p>\u201etermometr\u201d,<\/p>\n<p>W prze\u015bwicie ul. Lutyckiej \u2013 Experyment &#8211; Centrum Nauki<\/p>\n<p>Lutycka<\/p>\n<p>Po lewej<\/p>\n<p>Kaskada Red\u0142owska \u2013 \u00a02003r. 17-kondygnacji; kubistyczny kszta\u0142t\u00a0\u00a0 (Allcon Osiedla) mieszkania 80 m2 &#8211;\u00a0 cena 650\u00a0000 z\u0142<\/p>\n<p>Na wprost<\/p>\n<p>Ul. Red\u0142owska &#8211;\u00a0 pn. granica ze Wzg\u00f3rzem \u015bw. Maksymiliana<\/p>\n<p>Red\u0142owska<\/p>\n<p>Og\u00f3lnie<\/p>\n<p>Tu si\u0119, opowiada zazwyczaj o hitlerowskiej nazwie Gdyni &#8211; Gotenhafen (w niem. dos\u0142ownie Port Got\u00f3w) \u2013 niemiecka baza Kriegsmarine.<\/p>\n<p>Nazwa Wzg\u00f3rza &#8211; Wzg\u00f3rze Focha (czyt. Fosza), Nowotki, \u015aw. Maksymiliana<\/p>\n<p>&nbsp;<\/p>\n<p>J\u00f3zefa Hallera<\/p>\n<p>Po prawej<\/p>\n<p>Modernizm Gdy\u0144ski \u2013 zabudowa rezydencyjna \u2013 wyeksponowanie funkcjonalno\u015bci komponent\u00f3w budynku \u2013 balkony, termometr itp. Kolejna willa po prawej \u2013 jeszcze nie odrestaurowana.<\/p>\n<p>Po lewej<\/p>\n<p>Na zakr\u0119cie &#8211; VI Liceum Og\u00f3lnokszta\u0142c\u0105ce im. Wac\u0142awa Sierpi\u0144skiego \u2013 2006 2 \u2013 miejsce w rankingu Pomorskie \u2013 Og\u00f3lnopolskie 33 miejsce<\/p>\n<p>Miko\u0142aja Kopernika<\/p>\n<p>Pierzeje budynk\u00f3w z lat powojennych<\/p>\n<p>Po lewej<\/p>\n<p>(Tu\u017c przed skrzy\u017cowaniem; ulica zaczyna ostro zje\u017cdza\u0107) &#8211;\u00a0 Przyk\u0142ad\u00a0\u00a0 \u201etermometru\u2019 \u2013 eksponowanie klatki schodowej<\/p>\n<p>W prze\u015bwicie pomi\u0119dzy budynkiem, z widocznym elementem \u201etermometru\u201d a wysokim blokiem zbudowanym z twz. \u2018wielkiej p\u0142yty\u201d, widoczne dwie iglice ko\u015bcio\u0142a p.w. \u015aw. Antoniego<\/p>\n<p>Kornela Ujejskiego<\/p>\n<p>To nasze pierwsze spotkanie z niezwykle ciekawym obiektem, b\u0119d\u0105cym dominant\u0105 ca\u0142ego Wzg\u00f3rza \u015aw. Maksymiliana. Chocia\u017c budynek budowano ju\u017c po wojnie, to prace koncepcyjne nad projektem trwa\u0142y w latach 1934 \u2013 1939, a sama budowla jest \u015bwietnym przyk\u0142adem\u00a0\u00a0uproszczonych form kubistycznych wzorowanych na architekturze modernistycznej.<\/p>\n<p>Po prawej<\/p>\n<p>III LO z Oddz. Dwuj\u0119z. im. Marynarki Wojennej RP \u2013 w klasyfikacji 2016 \u2013 1 msc. W Pomorskiem, 3 msc. w Polsce \u2013 pierwsze liceum w Polsce z matur\u0105 w j\u0119zyku angielskim<\/p>\n<p>Po lewej<\/p>\n<p><strong>Skwer Sue Ryder &#8211; <\/strong>W 1978 roku otrzyma\u0142a z nadania JKM Kr\u00f3lowej El\u017cbiety II tytu\u0142 Para Anglii, przyjmuj\u0105c za swoj\u0105 szlacheck\u0105 siedzib\u0119 Warszaw\u0119. Jako Lady Ryder of Warsaw zasiada\u0142a w brytyjskiej Izbie Lord\u00f3w, gdzie przez lata by\u0142a gor\u0105c\u0105 or\u0119downiczk\u0105 polskich spraw. Walczy\u0142a o prawa cz\u0142owieka i godno\u015b\u0107 chorych i cierpi\u0105cych.<\/p>\n<p>Aleja Marsza\u0142ka Pi\u0142sudskiego<\/p>\n<p>Skr\u0119camy w prawo w alej\u0119 \u2013 granica z kolejn\u0105 dzielnica Kamienn\u0105 G\u00f3r\u0105<\/p>\n<p>przyk\u0142ad budowy wg za\u0142o\u017ce\u0144 miasta funkcjonalnego<\/p>\n<p>&#8211; jednym z kluczowych za\u0142o\u017ce\u0144 planist\u00f3w Gdyni by\u0142o skierowanie miasta frontem do morza, st\u0105d ulica prostopad\u0142a do linii brzegowej (podobnie jak reprezentacyjna ul.10 Lutego)<\/p>\n<p>Po wojnie alei nadano nazw\u0119 <em>Czo\u0142gist\u00f3w<\/em> dla uczczenia przejazdu tym traktem w dniu <a href=\"http:\/\/pl.wikipedia.org\/wiki\/27_marca\">27 marca<\/a> <a href=\"http:\/\/pl.wikipedia.org\/wiki\/1945\">1945<\/a> czo\u0142g\u00f3w I Brygady Pancernej im. Bohater\u00f3w Westerplatte, a tak\u017ce w zwi\u0105zku ze zniszczeniami wojennymi przyst\u0105piono do jej przebudowy. P\u00f3\u017aniej w Referacie Miejskiego Urz\u0119du Planowania Przestrzennego opracowano nowy projekt zagospodarowania alei, kt\u00f3rego autorem by\u0142a mgr in\u017c. architekt krajobrazu Barbara Kaszycka. Wed\u0142ug tego projektu dawny deptak przekszta\u0142cono na trawnik z dwoma rz\u0119dami buka pospolitego (dzi\u015b potoczne <em>aleja bukowa<\/em>), a na dawnym trawniku wyznaczono nowy chodnik o szeroko\u015bci 5\u00a0m, natomiast pozosta\u0142y pas trawnika zosta\u0142 obsadzony nisk\u0105 ro\u015blinno\u015bci\u0105. Z kolei lewa strona alei zosta\u0142a zabudowana i obsadzona rz\u0119dem top\u00f3l.<\/p>\n<p><a href=\"http:\/\/pl.wikipedia.org\/wiki\/25_lipca\">25 lipca<\/a> <a href=\"http:\/\/pl.wikipedia.org\/wiki\/1990\">1990<\/a> Rada Miasta zadecydowa\u0142a o powr\u00f3ceniu do przedwojennej nazwy \u2013 <em>alei Pi\u0142sudskiego<\/em>, a w <a href=\"http:\/\/pl.wikipedia.org\/wiki\/1995\">1995<\/a> nazwa\u0142a imieniem I Brygady Pancernej im. Bohater\u00f3w Westerplatte plac przylegaj\u0105cy do alei, znajduj\u0105cy si\u0119 w s\u0105siedztwie Domu Marynarza.<\/p>\n<p>Po prawej<\/p>\n<p>&#8211; <strong>Dom Marynarza<\/strong> \u2013 dawniej Dom Zdrojowy &#8211; u wlotu alei Kasyna (przemianowanej w marcu 1931 roku na alej\u0119 marsza\u0142ka Pi\u0142sudskiego) zbudowano ze \u015brodk\u00f3w Towarzystwa K\u0105pieli Morskich oraz po\u017cyczki zaci\u0105gni\u0119tej w Banku Gospodarstwa Krajowego gmach Domu Zdrojowego. Autorem projektu by\u0142 warszawski architekt Adam Knauff. Budow\u0119 rozpocz\u0119to w marcu 1928 roku. Lokalizacja zwi\u0105zana by\u0142a z przesuwaniem si\u0119 gdy\u0144skiego letniska w kierunku Or\u0142owa. Planowano, \u017ce budynek mia\u0142 by\u0107 wykorzystywany tak\u017ce w sezonie zimowym (od wrze\u015bnia do czerwca 40 % zni\u017cki za pok\u00f3j i utrzymanie). Obiekt ulokowany zosta\u0142 w dolinie, os\u0142oni\u0119tej z trzech stron wzg\u00f3rzami, z dost\u0119pem do morza od strony wschodniej. Otwarcie i po\u015bwi\u0119cenie Domu Zdrojowego nast\u0105pi\u0142o na pocz\u0105tku sezonu letniego 1929 roku, z udzia\u0142em prezesa Towarzystwa K\u0105pieli Morskich z Warszawy.<\/p>\n<p>Dom Zdrojowy sk\u0142ada\u0142 si\u0119 z cz\u0119\u015bci hotelowej (z luksusowymi pokojami) oraz \u0142azienkowej (z 26 wannami dla leczniczych zimnych i ciep\u0142ych k\u0105pieli w wodzie morskiej). Na parterze znajdowa\u0142y si\u0119 wielka sala\u00a0restauracyjna, dancingowa i bilardowa. Od strony morza zaplanowano ogr\u00f3d. Powsta\u0142a nowa pla\u017ca z drewnianymi pomostami k\u0105pielowymi. Sta\u0142a si\u0119 ona od razu miejscem licznie odwiedzanym przez mieszka\u0144c\u00f3w Gdyni oraz letnik\u00f3w.<\/p>\n<p>W kolejnych latach budynek by\u0142 kilkakrotnie przebudowywany.\u00a0W przewodnikach i ulotkach lat trzydziestych Dom Zdrojowy opisywany by\u0142 jako hotel-pensjonat z pokojami posiadaj\u0105cymi bie\u017c\u0105c\u0105 ciep\u0142\u0105 wod\u0119 oraz restauracj\u0119 z wyborn\u0105 kuchni\u0105.<\/p>\n<p>W 1945 roku Dom zaj\u0119\u0142a Marynarka Wojenna.\u00a0W 1947 przekazany zosta\u0142 Polskiej Marynarce Handlowej z przeznaczeniem na Dom Marynarza. W 1951 roku przekazany zosta\u0142 w u\u017cytkowanie Polskich Linii Oceanicznych. Przed budynkiem umieszczona zosta\u0142a 12-tonowa kotwica nale\u017c\u0105ca do starego kr\u0105\u017cownika \u201eBa\u0142tyk\u201d, w 1942 roku poci\u0119tego przez Niemc\u00f3w na z\u0142om.<\/p>\n<p>&#8211; <strong>Skwer Arki Gdynia<\/strong> \u2013 nazwa od 23 czerwca 2004<\/p>\n","protected":false},"excerpt":{"rendered":"<p>Powsta\u0144 Ch\u0142opskich Po lewej Pomorski Urz\u0105d Wojew\u00f3dzki, Wydzia\u0142 Spraw Obywatelskich i Cudzoziemc\u00f3w -Oddzia\u0142 Paszport\u00f3w SKOK im. F. Stefczyka \u2013 krajowa siedziba Widok na Ma\u0142y Kack, Witomino Na wprost Altus Zesp\u00f3\u0142 mieszkalno-us\u0142ugowy Altus Po prawej Cm. Obro\u0144c\u00f3w Wybrze\u017ca &#8212; poleg\u0142ych Obro\u0144c\u00f3w &hellip; <a href=\"https:\/\/przewodnikgdanski.pl\/2017\/04\/objazd-legionow-do-domu-marynarza-krzysiek\/\">Czytaj dalej <span class=\"meta-nav\">&rarr;<\/span><\/a><\/p>\n","protected":false},"author":29,"featured_media":0,"comment_status":"open","ping_status":"open","sticky":false,"template":"","format":"standard","meta":[],"categories":[1],"tags":[40],"_links":{"self":[{"href":"https:\/\/przewodnikgdanski.pl\/2017\/wp-json\/wp\/v2\/posts\/1134"}],"collection":[{"href":"https:\/\/przewodnikgdanski.pl\/2017\/wp-json\/wp\/v2\/posts"}],"about":[{"href":"https:\/\/przewodnikgdanski.pl\/2017\/wp-json\/wp\/v2\/types\/post"}],"author":[{"embeddable":true,"href":"https:\/\/przewodnikgdanski.pl\/2017\/wp-json\/wp\/v2\/users\/29"}],"replies":[{"embeddable":true,"href":"https:\/\/przewodnikgdanski.pl\/2017\/wp-json\/wp\/v2\/comments?post=1134"}],"version-history":[{"count":4,"href":"https:\/\/przewodnikgdanski.pl\/2017\/wp-json\/wp\/v2\/posts\/1134\/revisions"}],"predecessor-version":[{"id":1138,"href":"https:\/\/przewodnikgdanski.pl\/2017\/wp-json\/wp\/v2\/posts\/1134\/revisions\/1138"}],"wp:attachment":[{"href":"https:\/\/przewodnikgdanski.pl\/2017\/wp-json\/wp\/v2\/media?parent=1134"}],"wp:term":[{"taxonomy":"category","embeddable":true,"href":"https:\/\/przewodnikgdanski.pl\/2017\/wp-json\/wp\/v2\/categories?post=1134"},{"taxonomy":"post_tag","embeddable":true,"href":"https:\/\/przewodnikgdanski.pl\/2017\/wp-json\/wp\/v2\/tags?post=1134"}],"curies":[{"name":"wp","href":"https:\/\/api.w.org\/{rel}","templated":true}]}}