{"id":1240,"date":"2017-05-06T09:27:00","date_gmt":"2017-05-06T07:27:00","guid":{"rendered":"http:\/\/przewodnikgdanski.pl\/2017\/?p=1240"},"modified":"2017-05-06T09:27:00","modified_gmt":"2017-05-06T07:27:00","slug":"trasa-objazdu-katedra-oliwska-manhattan","status":"publish","type":"post","link":"https:\/\/przewodnikgdanski.pl\/2017\/06\/trasa-objazdu-katedra-oliwska-manhattan\/","title":{"rendered":"trasa objazdu: Katedra Oliwska-Manhattan"},"content":{"rendered":"<p><strong>Katedra Oliwska \u2013ZOO \u2013 ul. opata J. Rybi\u0144skiego<\/strong><\/p>\n<p><strong>Katedra Oliwska<\/strong> \u2013 a dok\u0142adniej ko\u015bci\u00f3\u0142 archikatedralny pod wezwaniem Tr\u00f3jcy \u015awi\u0119tej, pierwotnie ko\u015bci\u00f3\u0142 klasztoru cysters\u00f3w, wzniesiony pod koniec XII w., dopiero od 1831 roku sta\u0142 si\u0119 ko\u015bcio\u0142em parafialnym dla okolicznej ludno\u015bci po tym, jak w\u0142adze pruskie dokona\u0142y kasaty opactwa \u2013 wcze\u015bniej funkcje ko\u015bcio\u0142a parafialnego pe\u0142ni\u0142 zbudowany w tym celu przyklasztorny <strong>ko\u015bci\u00f3\u0142 \u015bw. Jakuba<\/strong>. Dzi\u015b katedra to ko\u015bci\u00f3\u0142 bazylikowy, najd\u0142u\u017cszy w Polsce (107 m!), t\u0142umnie odwiedzany przez turyst\u00f3w nie tylko ze wzgl\u0119du na jego fundamentalne znaczenie w historii Gda\u0144ska, ale te\u017c ze wzgl\u0119du na wspania\u0142\u0105 muzyk\u0119 organow\u0105, kt\u00f3rej mo\u017cna w \u015brodku wys\u0142ucha\u0107. Organy \u2013 swego czasu najwi\u0119ksze w Europie \u2013 do dzi\u015b zachwycaj\u0105 wielobarwno\u015bci\u0105 i g\u0142\u0119bi\u0105 d\u017awi\u0119k\u00f3w.<\/p>\n<p>Dzi\u015b na terenie dawnego klasztoru cysters\u00f3w mie\u015bci si\u0119 Gda\u0144skie Seminarium Duchowne.<\/p>\n<p>Skr\u0119camy w ul. Spacerow\u0105 \u2013 mijamy wzg\u00f3rze powszechnie znane jako <strong>Pacho\u0142ek<\/strong> \u2013 prawie 101 m n.p.m.; wzg\u00f3rze nale\u017cy do kompleksu Las\u00f3w oliwskich i le\u017cy na skraju Tr\u00f3jmiejskiego Parku Krajobrazowego. A na dodatek znajduje si\u0119 na ul. Tatrza\u0144skiej, co tylko dowodzi temu, \u017ce tutaj w Gda\u0144sku mo\u017cna zakosztowa\u0107 wszystkiego \u2013 i morza i g\u00f3r! Na Pacho\u0142ku, na wysoko\u015bci 15 m. znajduje si\u0119 stalowa platforma widokowa, na kt\u00f3r\u0105 mo\u017cna wej\u015b\u0107 schodami i z kt\u00f3rej rozpo\u015bciera si\u0119 wspania\u0142y, panoramiczny widok na ca\u0142\u0105 okolic\u0119 i Zatok\u0119 Gda\u0144sk\u0105. Platform\u0119 w 1975 r. wzni\u00f3s\u0142 gda\u0144ski Mostostal.<\/p>\n<p>Ciekawostka: W maju 1797 roku na wzg\u00f3rze wszed\u0142 sam kr\u00f3l Prus Fryderyk Wilhelm III z ma\u0142\u017conk\u0105 Luiz\u0105. Na cze\u015b\u0107 kr\u00f3lowej s\u0105siednie wzniesienie nazwano jej imieniem &#8211; Luisenberg (obecnie zw. Wzg\u00f3rzem Ko\u015bciuszki).<\/p>\n<p>Jedziemy ul. Spacerow\u0105 \u2013 obje\u017cd\u017camy kolejn\u0105 atrakcj\u0119 turystyczn\u0105 Tr\u00f3jmiasta \u2013 <strong>oliwskie ZOO<\/strong>.\u00a0 Dzi\u015b odbywa si\u0119 tu wielkie otwarcie sezony \u2013 Powitanie Wiosny z ZOO. Na ten dzie\u0144 zaplanowano warsztaty, konkursy, wycieczki tematyczne z lornetkami, lupami i aparatami, gry terenowe. A wszystko to, aby na w\u0142asne oczy zobaczy\u0107, jak tutejsze ro\u015bliny i zwierz\u0119ta wybudzaj\u0105 si\u0119 z zimowego snu! Akcje zorganizowano w ramach poznawania rodzimych skarb\u00f3w naszej pomorskiej przyrody!<\/p>\n<p>ZOO \u2013 Miejski Ogr\u00f3d Zoologiczny Wybrze\u017ca &#8211; zajmuje powierzchni\u0119 prawie 124 ha Tr\u00f3jmiejskiego Parku Krajobrazowego, co czyni go najwi\u0119ksz\u0105 pod wzgl\u0119dem powierzchni tego typu plac\u00f3wk\u0105 w Polsce. Ogr\u00f3d otwarto 1 maja 1954 roku, w tym miejscu \u2013 Dolina Le\u015bnego M\u0142yna &#8211; do 1945 roku mie\u015bci\u0142o si\u0119 sanatorium dla ludzi cierpi\u0105cych na schorzenia g\u00f3rnych dr\u00f3g oddechowych i choroby reumatyczne.<\/p>\n<p>Dzi\u015b na terenie obiektu mo\u017cna podziwia\u0107 76 gatunk\u00f3w zwierz\u0105t. Rocznie ogr\u00f3d odwiedza ok. 400 tys. go\u015bci. Zoo s\u0142ynie na \u015bwiecie z hodowli kondor\u00f3w wielkich. Jako jedyny ogr\u00f3d w Polsce prezentuje anoa oraz lutangi jawajskie. Opr\u00f3cz tego zamieszkuje go wiele innych rzadkich gatunk\u00f3w jak antylopy bongo, hipopotamy kar\u0142owate, mandryle czy tygrysy amurskie.<\/p>\n<p><strong>Ul. opata J. Rybi\u0144skiego \u2013 al. Grunwaldzka \u2013 Wrzeszcz \u201eManhattan\u201d<\/strong><\/p>\n<p>W tej cz\u0119\u015bci Oliwa zachowa\u0142a rzeczywi\u015bcie prawie w ca\u0142o\u015bci ten charakter zabudowy z II po\u0142. XIX w., prze\u0142omu stuleci, w\u0142\u0105cznie z brukowanymi ulicami.<\/p>\n<p>Wracamy ul. Karwie\u0144sk\u0105, mijamy Zajazd pod Olivk\u0105 <strong>i Staw M\u0142y\u0144ski, <\/strong>po czym skr\u0119camy (na rondzie trzeci zjazd) w ul. Spacerow\u0105, mijamy fronton Katedry Olwskiej, ul. polanki i jedziemy dalej <strong>ul. opata Jacka Rybi\u0144skiego<\/strong>. Ulica prowadzi nas wzd\u0142u\u017c <strong>Parku Oliwskiego<\/strong>, kt\u00f3rego szczeg\u00f3lny rozkwit \u2013 jak i ca\u0142ego kompleksu cysters\u00f3w \u2013 przypada\u0142 na okres, gdy Jacek Rybi\u0144ski pe\u0142ni\u0142 tu funkcj\u0119 opata. To z inicjatywy opata Rybi\u0144skiego odnowiono ko\u015bci\u00f3\u0142 \u015bw. Jakuba, szpital \u015bw. \u0141azarza, zbudowano nowy Pa\u0142ac Opacki (1754-56). Ale za najwi\u0119ksz\u0105 i najwa\u017cniejsz\u0105 decyzje opata uznaje si\u0119 polecenie zbudowania organ\u00f3w, kt\u00f3re zam\u00f3wi\u0142 u syna znanego organmistrza Jana Wulffa. Jacek Rybi\u0144ski by\u0142 ostatnim polskim opatem klasztoru cysters\u00f3w w Oliwie. Piastowa\u0142 tez stanowiska na dworze kr\u00f3la Augusta II Mocnego.<\/p>\n<p><strong>Park Oliwski<\/strong> nosi imi\u0119 Adama Mickiewicza, przep\u0142ywa przez niego <strong>Potok Oliwski<\/strong>. Powierzchnia parku to 11,3 ha. pocz\u0105tkowo by\u0142 to tylko przyklasztorny ogr\u00f3d cysters\u00f3w. To w\u0142a\u015bnie z inicjatywy opata Rybi\u0144skiego nabra\u0142 nowego kszta\u0142tu. Id\u0105c Alej\u0105 Lipow\u0105 mo\u017cemy doj\u015b\u0107 do stawu, kt\u00f3ry przez d\u0142ugie lata tworzy\u0142 iluzj\u0119 zwan\u0105 \u201eKsi\u0105\u017c\u0119cym Widokiem\u201d \u2013 staw optycznie \u0142\u0105czy\u0142 si\u0119 z wodami odleg\u0142ej o kilka kilometr\u00f3w Zatoki Gda\u0144skiej \u2013 jednak obecnie morze zas\u0142oni\u0119te jest przez drzewa. Jednak warto samemu wybra\u0107 si\u0119 na spacer t\u0105 alej\u0105 i sprawdzi\u0107, czy nie pozosta\u0142o nic z dawnego \u201eKsi\u0105\u017c\u0119cego Widoku\u201d. W Parku znajduje si\u0119 Pa\u0142ac Opat\u00f3w (dzi\u015b Oddzia\u0142 Sztuki Nowoczesnej Muzeum Narodowego w Gda\u0144sku), Spichlerz Opacki (dzi\u015b Odzia\u0142 Etnografi muzeum Narodowego w Gda\u0144sku), Ogr\u00f3d Botaniczny (p\u00f3\u0142nocno-wschodnia cz\u0119\u015b\u0107 parku, ma 3 ha) z zabytkow\u0105 palmiarni\u0105 (od maja do pa\u017adziernika do zwiedzania za darmo!) i alpinarium (ogr\u00f3d skalny z odtworzonym g\u00f3rskim \u015brodowiskiem naturalnym).<\/p>\n<p>M\u00f3wi si\u0119 o tym, \u017ce <strong>Potok Oliwski<\/strong>, a w dolnej cz\u0119\u015bci Jelitkowski by\u0142 najbardziej pracowit\u0105 rzeczk\u0105 na Pomorzu. Cz\u0119\u015bciowo jest to prawda, bo pracowa\u0142y na nim a\u017c 24 m\u0142yny, z czego tylko 3 zbo\u017cowe.<\/p>\n<p>Zje\u017cd\u017camy w <strong>Alej\u0119 Grunwaldzk\u0105<\/strong>, mijamy po prawej zajezdni\u0119 tramwajow\u0105 (mo\u017cna wypatrywa\u0107 tramwaju typu Bergman czy autobusu Jelcz, zwanego Og\u00f3rkiem). Po lewej stronie mijamy <strong>stacj\u0119 SKM i PKP \u2013 Gda\u0144sk Oliwa<\/strong>.<\/p>\n<p>Aleja Grunwaldzka to g\u0142\u00f3wna arteria \u0142\u0105cz\u0105ca Centrum Gda\u0144ska z Sopotem i Gdyni\u0105.<\/p>\n<p>A po lewej zak\u0142ad produkcyjny. I to jaki! Znany w ca\u0142ej Europie, <strong>Fabryka \u0141o\u017cysk \u015alizgowych<\/strong> \u2013 Federal Mogul Bimet.<\/p>\n<p>Wyje\u017cd\u017camy z Oliwy, a na wyje\u017adzie wy\u0142ania si\u0119 przed nami kompleks biurowy <strong>Olivia Business Center<\/strong> zbudowany przez pana Macieja Grabskiego (prezesa Olivii) i g\u00f3ruj\u0105cy nad nim biurowiec <strong>OLIVIA STAR<\/strong>. Ma on by\u0107 prawdziw\u0105 gwiazd\u0105 w\u015br\u00f3d polskich wie\u017cowc\u00f3w. Olivia Star staje si\u0119 nowym, biznesowym symbolem Tr\u00f3jmiasta, a sama Olivia Business Center to jedna z najciekawszych wielofunkcyjnych inwestycji w Polsce. kamie\u0144 w\u0119gielny pod nowopowstaj\u0105cy budynek uroczy\u015bcie wmurowano 30c czerwca 2016 roku \u2013 od tej pory biurowiec ro\u015bnie jak na dro\u017cd\u017cach.<\/p>\n<p>Z najwy\u017cszego pi\u0119tra <strong>Olivia Star<\/strong>, ponad 150 metr\u00f3w nad ziemi\u0105, b\u0119dzie mo\u017cna podziwia\u0107 najciekawsz\u0105 panoram\u0119 w Polsce: Zatoka Gda\u0144ska, Gda\u0144sk, klify Gdyni, porty w Gdyni i Gda\u0144sku, molo w Sopocie i P\u00f3\u0142wysep Helski oraz ca\u0142y zadrzewiony Tr\u00f3jmiejski Park Krajobrazowy. Z tego powodu na tych najwy\u017cszych pi\u0119trach budynku powstanie og\u00f3lnodost\u0119pny taras widokowy i centrum konferencyjne. B\u0119d\u0105 do nich prowadzi\u0142y dwie osobne windy, kt\u00f3re nie b\u0119d\u0105 zatrzymywa\u0142y si\u0119 na pi\u0119trach biurowych. Budynek b\u0119dzie po\u0142\u0105czony z przeszklonym ogrodem zimowym, kt\u00f3ry powstanie na wewn\u0119trznym patio z zieleni\u0105 i fontannami. Ogr\u00f3d zimowy zosta\u0142 zaprojektowany jako t\u0119tni\u0105ce \u017cyciem miejsce pe\u0142ne wydarze\u0144 edukacyjnych i artystycznych. Ta ca\u0142oroczna, pi\u0119kna przestrze\u0144 o wspania\u0142ej atmosferze udost\u0119pniona zostanie lokalnej spo\u0142eczno\u015bci.<\/p>\n<p><strong>OLIVIA STAR<\/strong><\/p>\n<ul>\n<li>Wysoko\u015b\u0107 ca\u0142kowita: 180 m<\/li>\n<li>Najwy\u017cszy punkt elewacji: 156 m<\/li>\n<li>Wysoko\u015b\u0107 najwy\u017cszego punktu nad poziomem morza: 200 m n.p.m.<\/li>\n<li>Liczba kondygnacji nadziemnych: 35<\/li>\n<li>Liczba kondygnacji podziemnych: 3<\/li>\n<li>Powierzchnia do wynaj\u0119cia: 45 690 mkw.<\/li>\n<li>Uchylne elementy elewacji, umo\u017cliwiaj\u0105ce naturaln\u0105 wentylacj\u0119 w ka\u017cdym pomieszczeniu: TAK<\/li>\n<li>System certyfikacji ekologicznej: BREEAM Excellent<\/li>\n<li>Planowane wprowadzenie pierwszych najemc\u00f3w: wiosna 2017<\/li>\n<li>Biuro architektoniczne: BJK Architekci (Gdynia)<\/li>\n<li>Generalny wykonawca: Pekabex<\/li>\n<\/ul>\n<p>Olivia Star b\u0119dzie najwy\u017cszym budynkiem w P\u00f3\u0142nocnej Polsce. Wiosna 2017 roku maj\u0105 wprowadzi\u0107 si\u0119 pierwsi najemcy.<\/p>\n<p>Odnowiona <strong>Hala Olivia<\/strong><\/p>\n<p>Przeje\u017cd\u017camy przez <strong>skrzy\u017cowanie z ul. Ko\u0142obrzesk\u0105 i J. Ba\u017cy\u0144skiego<\/strong> \u2013 po prawej <strong>Kampus Uniwersytetu Gda\u0144skiego<\/strong>, Po lewej \u2013 <strong>Alchemia<\/strong> \u201eostatnio biurowce s\u0105 konieczne\u201d.\u00a0 \u2013 kolejny wielofunkcyjny, bardzo nowoczesny kompleks biurowy. Olivia Business Center i Alchemia daje w sumie ponad 120 tys. m2 powierzchni biurowej \u2013 \u201ePolska powoli staje si\u0119 biurowym centrum\u201d.<\/p>\n<p><strong>Uniwersytet Gda\u0144ski<\/strong> \u00a0&#8211; tydzie\u0144 temu, 20 marca, obchodzi\u0142 swoje 46 urodziny. Tutaj kszta\u0142ci si\u0119 ok. 25 tys. student\u00f3w na prawie 30 kierunkach studi\u00f3w i ponad 120 specjalizacjach. UG jest najwi\u0119ksza uczelni\u0105 Tr\u00f3jmiasta, ale najstarsze tradycje akademickie ma tutaj Politechnika. Tutaj na UG \u2013 jak widzimy \u2013 \u201eprodukuje si\u0119 fachowc\u00f3w, kt\u00f3rzy miejsca pracy znajd\u0105 po drugiej stronie ulicy.<\/p>\n<p>W ca\u0142ej okaza\u0142o\u015bci mijamy wielowydzia\u0142owy (10 wydzia\u0142\u00f3w) Kampus.<\/p>\n<p>Hale po lewej stronie \u2013 to ju\u017c ostatnie momenty ich istnienia, te tereny r\u00f3wnie\u017c zostan\u0105 zaj\u0119te przez biurowce.<\/p>\n<p>Po lewej stronie zbli\u017camy si\u0119 do <strong>osiedla Zaspa<\/strong>, za\u015b po prawej &#8211; <strong>ulica Abrahama<\/strong>, kt\u00f3ry w Gda\u0144sku ma swoj\u0105 ulic\u0119, a w Gdyni sw\u00f3j pomnik. Na tej ulicy stykaj\u0105 si\u0119 dwie religie \u2013 judaizm (bo Abraham) i islam (bo meczet).<\/p>\n<p>Zbli\u017camy si\u0119 do <strong>PKM<\/strong> \u2013 Pomorskiej Kolei Metropolitarnej, po prawej wida\u0107 wiadukt. Linia PKM zosta\u0142a otwarta 1 wrze\u015bnia 2015 roku, jest to wi\u0119c do\u015b\u0107 \u015bwie\u017ca inwestycja. By\u0142a to najwi\u0119ksza inwestycja kolejowa na Pomorzu i najwi\u0119ksza inwestycja w historii\u00a0 pomorskiego samorz\u0105du wojew\u00f3dzkiego. A celem by\u0142o oczywi\u015bcie usprawnienie \u0142\u0105czno\u015bci na terenie nie tylko Tr\u00f3jmiasta, ale i sprawny dojazd do innych pomorskich miejscowo\u015bci, np. Ko\u015bcierzyny. Szacuje si\u0119, \u017ce koszt tej inwestycji, wliczaj\u0105c w to nowe, planowane przystanki, b\u0119dzie wynosi\u0142 949 mln z\u0142. W planie s\u0105 m.in. przystanki Gdynia Karwiny czy Gdynia Stadion (GOSiR), a tak\u017ce rozszerzenie obecnego przystanku SKM Gdynia Wzg\u00f3rze \u015bw. Maksymiliana o dodatkowy peron, co umo\u017cliwi zatrzymywanie si\u0119 tam poci\u0105g\u00f3w PKM.<\/p>\n<p>Mijamy: <strong>Pa\u0144stwowe Szko\u0142y Budownictwa<\/strong>, <strong>Wy\u017csz\u0105 Szko\u0142\u0119 Bankow\u0105<\/strong>, a po lewej stronie <strong>osiedle Zaspa<\/strong> z przystankiem SKM. Kolejna nowiutka (\u015bwie\u017co otwarta \u2013 25.03) inwestycja \u2013 City Meble \u2013 najwi\u0119ksza w p\u00f3\u0142nocnej Polsce galeria mebli i wyposa\u017cenia wn\u0119trz, miejsce, gdzie biznes spotyka si\u0119 ze sztuk\u0105 i designem. To miejsce, gdzie powsta\u0142a nowa galeria City Meble ju\u017c od blisko stu lat wi\u0105zane jest przez lokalnych mieszka\u0144c\u00f3w z meblami \u2013 wcze\u015bniej znajdowa\u0142o si\u0119 tu centrum Top Shopping \u2013 \u0142\u0105czy wi\u0119c w sobie tradycj\u0119 z nowoczesno\u015bci\u0105.<\/p>\n<p>A my doje\u017cd\u017camy do dzielnicy <strong>Wrzeszcz<\/strong> \u2013 najpierw przejedziemy przez Dolny Wrzeszcz nad potokiem Strzy\u017ca, a p\u00f3\u017aniej wjedziemy na Wrzeszcz G\u00f3rny.<\/p>\n<p>Po lewej stronie w ca\u0142ej okaza\u0142o\u015bci ukazuje si\u0119 nam <strong>Galeria Ba\u0142tycka<\/strong>, za ni\u0105 r\u00f3wnie\u017c nowiu\u015bka <strong>Galeria Metropolia<\/strong>, bezpo\u015brednio po\u0142\u0105czona z dworcem <strong>Gda\u0144sk Wrzeszcz<\/strong>. Wida\u0107 obok miasta biznesu Gda\u0144sk staje si\u0119 miastem galerii i shoppingu.<\/p>\n<p>Po prawej stronie mijamy <strong>gda\u0144ski GARNIZON<\/strong> \u2013 dawne koszary \u2013 teren o powierzchni ok. 25 ha historycznie zwi\u0105zany z formacjami wojskowymi i obronnymi, le\u017c\u0105cy na granicy Wrzeszcza i G\u00f3rnej Strzy\u017cy. Cz\u0119\u015b\u0107 budynk\u00f3w garnizonu od 2004 roku jest wpisana do Rejestru Zabytk\u00f3w Wojew\u00f3dztwa Pomorskiego. Teren jest dzi\u015b w 85 % w\u0142asno\u015bci\u0105 grupy inwestycyjnej Hossa, kt\u00f3ra po zwyci\u0119stwie w przetargu w 2005 dokonuje tutaj rewitalizacji terenu i budynk\u00f3w. Dodatkowo jest to te\u017c miejsce kultury, rozrywki i rekreacji. Powstaj\u0105 tu te\u017c coraz tu nowe budynki biurowe, us\u0142ugowe i mieszkalne. \u201eTo tu ogromne przeszklenia nowych loft\u00f3w patrz\u0105 ponad dachy odrestaurowanych zabytk\u00f3w. Tutaj wygodne apartamenty koresponduj\u0105 z parkowo-willow\u0105 zabudow\u0105 dzielnic Strzy\u017ca i Oliwa\u201d (od producenta J)<\/p>\n<p>Jedziemy dalej al. Grunwaldzk\u0105 \u2013 z lewej strony mijamy zabudow\u0119 pi\u0119knie zrewitalizowanego Wrzeszcza Dolnego. Kolejny akcent nowoczesno\u015bci \u2013 biurowiec <strong>Neptun<\/strong>. Swego czasu nosi\u0142 tytu\u0142 najwy\u017cszego biurowca w Tr\u00f3jmie\u015bcie, ale dzi\u015b z wysoko\u015bci\u0105 jedynie 86 m. niknie przy widzianej przez nas wcze\u015bniej, prawie o 100 metr\u00f3w wy\u017cszej Olivia Star. By\u0142 to jednak pierwszy tak nowoczesny i tak wysoki budynek w Gda\u0144sku.<\/p>\n<p>A przed nami <strong>Manhattan<\/strong> \u2013 nie nowojorski, a jedynie gda\u0144ski, centrum handlowe w samym sercu dzielnicy Wrzeszcz, otwarte w 2004 roku, a swoj\u0105 \u015bwiatow\u0105 nazw\u0119 zawdzi\u0119cza zwyczajowej nazwie mieszcz\u0105cego si\u0119 tutaj kiedy\u015b targowiska. Architekci, kt\u00f3rzy stworzyli projekt tego centrum otrzymali za niego wyr\u00f3\u017cnienie w konkursie Stowarzyszenia Architekt\u00f3w polskich w 2004. Opr\u00f3cz lokali biurowo-us\u0142ugowych mie\u015bci si\u0119 tu r\u00f3wnie\u017c nowoczesna filia biblioteki miejskiej.<\/p>\n<p>My jedziemy dalej alej\u0105 Grunwaldzk\u0105, kt\u00f3ra na wysoko\u015bci ul. Miszewskiego za chwil\u0119 przechodzi w <strong>Alej\u0119 Zwyci\u0119stwa<\/strong> (tzw. Wielk\u0105 Alej\u0119). Mijamy po lewej <strong>Wy\u017csz\u0105 Szko\u0142\u0119 Turystyki i Hotelarstwa<\/strong>, dalej <strong>Park Uphagena<\/strong> i po prawej <strong>Gda\u0144ski Teatr <em>Miniatura<\/em><\/strong>. Jeste\u015bmy ju\u017c na terenie Wrzeszcza G\u00f3rnego.<\/p>\n","protected":false},"excerpt":{"rendered":"<p>Katedra Oliwska \u2013ZOO \u2013 ul. opata J. Rybi\u0144skiego Katedra Oliwska \u2013 a dok\u0142adniej ko\u015bci\u00f3\u0142 archikatedralny pod wezwaniem Tr\u00f3jcy \u015awi\u0119tej, pierwotnie ko\u015bci\u00f3\u0142 klasztoru cysters\u00f3w, wzniesiony pod koniec XII w., dopiero od 1831 roku sta\u0142 si\u0119 ko\u015bcio\u0142em parafialnym dla okolicznej ludno\u015bci po &hellip; <a href=\"https:\/\/przewodnikgdanski.pl\/2017\/06\/trasa-objazdu-katedra-oliwska-manhattan\/\">Czytaj dalej <span class=\"meta-nav\">&rarr;<\/span><\/a><\/p>\n","protected":false},"author":13,"featured_media":0,"comment_status":"open","ping_status":"open","sticky":false,"template":"","format":"standard","meta":[],"categories":[1],"tags":[],"_links":{"self":[{"href":"https:\/\/przewodnikgdanski.pl\/2017\/wp-json\/wp\/v2\/posts\/1240"}],"collection":[{"href":"https:\/\/przewodnikgdanski.pl\/2017\/wp-json\/wp\/v2\/posts"}],"about":[{"href":"https:\/\/przewodnikgdanski.pl\/2017\/wp-json\/wp\/v2\/types\/post"}],"author":[{"embeddable":true,"href":"https:\/\/przewodnikgdanski.pl\/2017\/wp-json\/wp\/v2\/users\/13"}],"replies":[{"embeddable":true,"href":"https:\/\/przewodnikgdanski.pl\/2017\/wp-json\/wp\/v2\/comments?post=1240"}],"version-history":[{"count":1,"href":"https:\/\/przewodnikgdanski.pl\/2017\/wp-json\/wp\/v2\/posts\/1240\/revisions"}],"predecessor-version":[{"id":1241,"href":"https:\/\/przewodnikgdanski.pl\/2017\/wp-json\/wp\/v2\/posts\/1240\/revisions\/1241"}],"wp:attachment":[{"href":"https:\/\/przewodnikgdanski.pl\/2017\/wp-json\/wp\/v2\/media?parent=1240"}],"wp:term":[{"taxonomy":"category","embeddable":true,"href":"https:\/\/przewodnikgdanski.pl\/2017\/wp-json\/wp\/v2\/categories?post=1240"},{"taxonomy":"post_tag","embeddable":true,"href":"https:\/\/przewodnikgdanski.pl\/2017\/wp-json\/wp\/v2\/tags?post=1240"}],"curies":[{"name":"wp","href":"https:\/\/api.w.org\/{rel}","templated":true}]}}