{"id":1345,"date":"2017-06-04T17:30:14","date_gmt":"2017-06-04T15:30:14","guid":{"rendered":"http:\/\/przewodnikgdanski.pl\/2017\/?p=1345"},"modified":"2017-06-04T17:30:14","modified_gmt":"2017-06-04T15:30:14","slug":"kwiatkowski-slynna-pieciominutowka","status":"publish","type":"post","link":"https:\/\/przewodnikgdanski.pl\/2017\/04\/kwiatkowski-slynna-pieciominutowka\/","title":{"rendered":"Kwiatkowski &#8211; s\u0142ynna pi\u0119ciominut\u00f3wka"},"content":{"rendered":"<p><strong>Eugeniusz Kwiatkowski<\/strong> urodzi\u0142 si\u0119 w 30 grudnia 1888 w rodzinie ziemia\u0144sko-inteligenckiej w Galicji Wschodniej. Swoje dzieci\u0144stwo sp\u0119dzi\u0142 na Podolu, a ucz\u0105c si\u0119 pod jezuickim rygorem naby\u0142 pos\u0142usze\u0144stwa i wytrwa\u0142o\u015bci. Pocz\u0105tkowo studiowa\u0142 na Wydziale Chemii Technicznej Politechniki Lwowskiej, a nast\u0119pnie na uniwersytecie w Monachium, gdzie zdoby\u0142 tytu\u0142 in\u017cyniera. W czasie studi\u00f3w by\u0142 cz\u0142onkiem m\u0142odzie\u017cowych organizacji niepodleg\u0142o\u015bciowych oraz Polskich Dru\u017cyn Strzeleckich. By\u0142 te\u017c bliskim przyjacielem Ignacego Mo\u015bcickiego \u2013 swojego uczelnianego wyk\u0142adowcy. Swoje pierwsze zatrudnienie znalaz\u0142 w gazowni miejskiej, m.in. w Lublinie, gdzie szybko zdoby\u0142 stanowisko wicedyrektora.<\/p>\n<p>I wojna \u015awiatowa up\u0142yn\u0119\u0142a Kwiatkowskiemu pod znakiem s\u0142u\u017cby w Legionach polskich J\u00f3zefa Pi\u0142sudskiego, wsp\u00f3\u0142pracowa\u0142 te\u017c z Polsk\u0105 Organizacj\u0105 Wojskow\u0105. Podczas wojny polsko-bolszewickiej zatrudniono go w sekcji chemicznej G\u0142\u00f3wnego Urz\u0119du Zaopatrzenia Armii przy Ministerstwie Spraw Wojskowych.<\/p>\n<p>Po zako\u0144czeniu I wojny \u015bwiatowej i odzyskaniu przez Polsk\u0119 niepodleg\u0142o\u015bci w 1918 roku aktywnie w\u0142\u0105czy\u0142 si\u0119 w przy\u0142\u0105czenie do naszych ziem G\u00f3rnego \u015al\u0105ska. Zaj\u0105\u0142 si\u0119 te\u017c prac\u0105 w zawodzie \u2013 wyk\u0142ada\u0142 na wydziale chemicznym Politechniki Warszawskiej, ale zosta\u0142 r\u00f3wnie\u017c dyrektorem technicznym Pa\u0144stwowej Fabryki Zwi\u0105zk\u00f3w Azotowych w Chorzowie, a poniewa\u017c wykaza\u0142 si\u0119 tam jako wybitny fachowiec, praca ta sta\u0142a si\u0119 dla niego trampolin\u0105 do dalszych sukces\u00f3w i awans\u00f3w.<\/p>\n<p>Po przewrocie majowym (1926), Kwiatkowski, rekomendowany przez Mo\u015bcickiego (nowego prezydenta) zaj\u0105\u0142 w rz\u0105dzie stanowisko ministra przemys\u0142u i handlu, kt\u00f3r\u0105 utrzyma\u0142 do 1930 mimo wielu zmian gabinetowych. W tym czasie zaprezentowa\u0142 si\u0119 jako dalekowzroczny polityk gospodarczy i promotor po\u017cytecznych idei. To za jego spraw\u0105 po do\u015b\u0107 powolnych pocz\u0105tkach w b\u0142yskawicznym tempie ruszy\u0142a budowa portu w Gdyni. To dzi\u0119ki niemu Gdynia mia\u0142a szans\u0119 na dynamiczny rozw\u00f3j i tym samym \u2013 na stanie si\u0119 polskim oknem na \u015bwiat. Kwiatkowski przyczyni\u0142 si\u0119 te\u017c do powstania polskiej floty handlowej &#8211;\u00a0 by\u0142 te\u017c inicjatorem pa\u0144stwowych kampanii \u017ceglugowych czy Dalekomorskiej Floty Rybackiej. Jego ministerialna kadencja by\u0142a czasem zr\u00f3wnowa\u017conego rozwoju gospodarczego Polski. Dwukrotnie zosta\u0142 wybrany pos\u0142em na sejm. Zas\u0142yn\u0105\u0142 tez jako utalentowany PR-owiec i poprzez media stara\u0142 si\u0119 dotrze\u0107 ze swoimi ideami do jak najszerszych kr\u0119g\u00f3w spo\u0142ecze\u0144stwa. Z rz\u0105du odszed\u0142 w 1930 roku powracaj\u0105c do przemys\u0142u i staj\u0105c na czele koncernu Zjednoczonych Fabryk Zwi\u0105zk\u00f3w Azotowych.<\/p>\n<p>W 1935 r Kwiatkowski zosta\u0142 ministrem skarb\u00f3w oraz wicepremierem. W tym czasie sta\u0142 si\u0119 promotorem najwi\u0119kszej inwestycji II RP \u2013 stworzenia Centralnego Okr\u0119gu Przemys\u0142owego (by\u0142 wsp\u00f3\u0142tw\u00f3rc\u0105 planu). Niestety na przeszkodzie stan\u0119\u0142a II wojna \u015bwiatowa. Sp\u0119dzi\u0142 j\u0105 w Rumunii, gdzie w 1939 zosta\u0142 internowany.\u00a0 Po zako\u0144czeniu wojny, do\u015b\u0107 schorowany, powr\u00f3ci\u0142 do Polski i otrzyma\u0142 funkcj\u0119 delegata rz\u0105du ds. odbudowy wybrze\u017ca czy przewodnicz\u0105cego Komisji Planu Rozbudowy Tr\u00f3jmiasta. \u00a0W 1948 roku odes\u0142ano go na emerytur\u0119 zakazuj\u0105c jednocze\u015bnie pobytu na wybrze\u017cu. Osiad\u0142 wtedy w Krakowie, gdzie zaj\u0105\u0142 si\u0119 prac\u0105 naukow\u0105. Jednym z jego dzie\u0142 by\u0142a w 1973 roku recenzja koncepcji planu budowy Portu P\u00f3\u0142nocnego.<\/p>\n<p>Eugeniusz Kwiatkowski zmar\u0142 22 sierpnia 1974 roku w Krakowie. Uroczysto\u015bciom pogrzebowym na Cmentarzu Rakowickim przewodniczy\u0142 kard. Karol Wojty\u0142a (PAPIE\u017b!!!). Posta\u0107 Kwiatkowskiego sta\u0142a si\u0119 inspiracj\u0105 do dw\u00f3ch film\u00f3w biograficznych m.in. <em>U narodzin Nowoczesno\u015bci<\/em>. Jego imi\u0119 nosz\u0105 Gdy\u0144ska Estakada, wy\u017csza Szko\u0142a Administracji i Byznesu w Gdyni oraz inne liczne polskie szko\u0142y i organizacje, a nawet nagrody i odznaczenia. W wielu polskich miastach znajduj\u0105 si\u0119 po\u015bwi\u0119cone mu pomniki i tablice pami\u0105tkowe. Otrzyma\u0142 te\u017c tytu\u0142 honorowego obywatelstwa Gdyni, Order Or\u0142a Bia\u0142ego i wiele innych wysokich odznacze\u0144 w Polsce, jak te\u017c i w innych krach Europy.<\/p>\n<p>Skromny do ko\u0144ca, gdy przedstawiciele Zarz\u0105du Portu Gdynia wr\u0119czyli mu Medal 50-lecia Portu Gdynia wraz z adresem ho\u0142downiczym, poczu\u0142 si\u0119 w obowi\u0105zku publicznie sprostowa\u0107: &#8222;Z tym budowniczym Gdyni to przesada. Ten tytu\u0142 nale\u017cy si\u0119 in\u017c. Tadeuszowi Wendzie, projektantowi gdy\u0144skiego portu. Ja tylko, je\u015bli tak mo\u017cna to uj\u0105\u0107, stara\u0142em si\u0119 przyspieszy\u0107, zintensyfikowa\u0107 tempo rozwoju portu, miasta i naszej floty&#8221;.<\/p>\n","protected":false},"excerpt":{"rendered":"<p>Eugeniusz Kwiatkowski urodzi\u0142 si\u0119 w 30 grudnia 1888 w rodzinie ziemia\u0144sko-inteligenckiej w Galicji Wschodniej. Swoje dzieci\u0144stwo sp\u0119dzi\u0142 na Podolu, a ucz\u0105c si\u0119 pod jezuickim rygorem naby\u0142 pos\u0142usze\u0144stwa i wytrwa\u0142o\u015bci. Pocz\u0105tkowo studiowa\u0142 na Wydziale Chemii Technicznej Politechniki Lwowskiej, a nast\u0119pnie na &hellip; <a href=\"https:\/\/przewodnikgdanski.pl\/2017\/04\/kwiatkowski-slynna-pieciominutowka\/\">Czytaj dalej <span class=\"meta-nav\">&rarr;<\/span><\/a><\/p>\n","protected":false},"author":13,"featured_media":0,"comment_status":"open","ping_status":"open","sticky":false,"template":"","format":"standard","meta":[],"categories":[1],"tags":[],"_links":{"self":[{"href":"https:\/\/przewodnikgdanski.pl\/2017\/wp-json\/wp\/v2\/posts\/1345"}],"collection":[{"href":"https:\/\/przewodnikgdanski.pl\/2017\/wp-json\/wp\/v2\/posts"}],"about":[{"href":"https:\/\/przewodnikgdanski.pl\/2017\/wp-json\/wp\/v2\/types\/post"}],"author":[{"embeddable":true,"href":"https:\/\/przewodnikgdanski.pl\/2017\/wp-json\/wp\/v2\/users\/13"}],"replies":[{"embeddable":true,"href":"https:\/\/przewodnikgdanski.pl\/2017\/wp-json\/wp\/v2\/comments?post=1345"}],"version-history":[{"count":1,"href":"https:\/\/przewodnikgdanski.pl\/2017\/wp-json\/wp\/v2\/posts\/1345\/revisions"}],"predecessor-version":[{"id":1346,"href":"https:\/\/przewodnikgdanski.pl\/2017\/wp-json\/wp\/v2\/posts\/1345\/revisions\/1346"}],"wp:attachment":[{"href":"https:\/\/przewodnikgdanski.pl\/2017\/wp-json\/wp\/v2\/media?parent=1345"}],"wp:term":[{"taxonomy":"category","embeddable":true,"href":"https:\/\/przewodnikgdanski.pl\/2017\/wp-json\/wp\/v2\/categories?post=1345"},{"taxonomy":"post_tag","embeddable":true,"href":"https:\/\/przewodnikgdanski.pl\/2017\/wp-json\/wp\/v2\/tags?post=1345"}],"curies":[{"name":"wp","href":"https:\/\/api.w.org\/{rel}","templated":true}]}}