{"id":526,"date":"2016-12-06T18:46:42","date_gmt":"2016-12-06T17:46:42","guid":{"rendered":"http:\/\/przewodnikgdanski.pl\/2017\/?p=526"},"modified":"2016-12-07T10:12:14","modified_gmt":"2016-12-07T09:12:14","slug":"prelekcja-w-kosciele-sw-jana-8-grudnia-2016-r","status":"publish","type":"post","link":"https:\/\/przewodnikgdanski.pl\/2017\/06\/prelekcja-w-kosciele-sw-jana-8-grudnia-2016-r\/","title":{"rendered":"Prelekcja w ko\u015bciele \u015bw. Jana &#8211; 8 grudnia 2016 r."},"content":{"rendered":"NIe masz uprawnie\u0144 do ogl\u0105dania tej tre\u015bci.","protected":false},"excerpt":{"rendered":"<p>NIe masz uprawnie\u0144 do ogl\u0105dania tej tre\u015bci.<\/p>\n","protected":false},"author":5,"featured_media":0,"comment_status":"open","ping_status":"open","sticky":false,"template":"","format":"standard","meta":[],"categories":[1],"tags":[],"_links":{"self":[{"href":"https:\/\/przewodnikgdanski.pl\/2017\/wp-json\/wp\/v2\/posts\/526"}],"collection":[{"href":"https:\/\/przewodnikgdanski.pl\/2017\/wp-json\/wp\/v2\/posts"}],"about":[{"href":"https:\/\/przewodnikgdanski.pl\/2017\/wp-json\/wp\/v2\/types\/post"}],"author":[{"embeddable":true,"href":"https:\/\/przewodnikgdanski.pl\/2017\/wp-json\/wp\/v2\/users\/5"}],"replies":[{"embeddable":true,"href":"https:\/\/przewodnikgdanski.pl\/2017\/wp-json\/wp\/v2\/comments?post=526"}],"version-history":[{"count":2,"href":"https:\/\/przewodnikgdanski.pl\/2017\/wp-json\/wp\/v2\/posts\/526\/revisions"}],"predecessor-version":[{"id":536,"href":"https:\/\/przewodnikgdanski.pl\/2017\/wp-json\/wp\/v2\/posts\/526\/revisions\/536"}],"wp:attachment":[{"href":"https:\/\/przewodnikgdanski.pl\/2017\/wp-json\/wp\/v2\/media?parent=526"}],"wp:term":[{"taxonomy":"category","embeddable":true,"href":"https:\/\/przewodnikgdanski.pl\/2017\/wp-json\/wp\/v2\/categories?post=526"},{"taxonomy":"post_tag","embeddable":true,"href":"https:\/\/przewodnikgdanski.pl\/2017\/wp-json\/wp\/v2\/tags?post=526"}],"curies":[{"name":"wp","href":"https:\/\/api.w.org\/{rel}","templated":true}]}}